{"id":35248,"date":"2021-12-10T20:33:00","date_gmt":"2021-12-11T02:33:00","guid":{"rendered":"http:\/\/www.zonaroja.com.mx\/?p=35248"},"modified":"2021-12-10T20:33:03","modified_gmt":"2021-12-11T02:33:03","slug":"auditara-martinez-neri-administracion-de-oswaldo-garcia-por-irregularidades","status":"publish","type":"post","link":"https:\/\/zonaroja.com.mx\/?p=35248","title":{"rendered":"Auditar\u00e1 Mart\u00ednez Neri administraci\u00f3n de Oswaldo Garc\u00eda por irregularidades"},"content":{"rendered":"\n<p>Yuridiana Sosa\/Zona Roja.<\/p>\n\n\n\n<p>Oaxaca de Ju\u00e1rez, Oax., 10 de diciembre de 2021.- El presidente electo de Oaxaca de Ju\u00e1rez, Francisco Mart\u00ednez Neri, asever\u00f3 que una vez que asuma el cargo investigar\u00e1 la administraci\u00f3n de su antecesor, del mismo Partido Morena, pues recibe como herencia un gobierno cargado de deudas.<\/p>\n\n\n\n<p>A 22 d\u00edas de que tome protesta, la pr\u00f3xima autoridad municipal es testigo del caos que la administraci\u00f3n de Oswaldo Garc\u00eda Jarqu\u00edn ha provocado en la base trabajadora, al acumular una deuda de m\u00e1s de 18 millones de pesos por concepto de sus derechos laborales y sindicales.<\/p>\n\n\n\n<p>Mart\u00ednez Neri apunt\u00f3 que se har\u00e1 lo necesario para fincar responsabilidades sobre los pendientes financieros y el estado real de la administraci\u00f3n de Garc\u00eda Jarqu\u00edn, la cual, tambi\u00e9n indic\u00f3, se vio rebasada por la inconformidad de sus trabajadores.<\/p>\n\n\n\n<figure class=\"wp-block-embed is-type-rich is-provider-twitter wp-block-embed-twitter\"><div class=\"wp-block-embed__wrapper\">\n<div class=\"twitter-tweet\"><blockquote class=\"twitter-tweet\" data-lang=\"es\"><p lang=\"es\" dir=\"ltr\"><a href=\"https:\/\/twitter.com\/hashtag\/%C3%9AltimoMinuto?src=hash&amp;ref_src=twsrc%5Etfw\">#\u00daltimoMinuto<\/a><br>El edil electo de Oaxaca de Ju\u00e1rez, <a href=\"https:\/\/twitter.com\/FMartinezNeri?ref_src=twsrc%5Etfw\">@FMartinezNeri<\/a>, lament\u00f3 la situaci\u00f3n que atraviesa la ciudad; pidi\u00f3 el apoyo de las autoridades federales y estatales. <br>Dijo que en su mandato se indagar\u00e1 y en su caso fincar\u00e1 responsabilidades en contra de quienes han incumplido. <a href=\"https:\/\/t.co\/Oem5C726dG\">pic.twitter.com\/Oem5C726dG<\/a><\/p>&mdash; Zona Roja Oaxaca (@Zona_Roja_Oax) <a href=\"https:\/\/twitter.com\/Zona_Roja_Oax\/status\/1469407348879937538?ref_src=twsrc%5Etfw\">10 de diciembre de 2021<\/a><\/blockquote><\/div>\n<\/div><\/figure>\n\n\n\n<p>Por otra parte, dijo que hasta el momento, a pesar que se encuentran en el proceso de entrega-recepci\u00f3n, desconoce el monto preciso de la duda actual, el cual espera conocer en pr\u00f3ximos d\u00edas.<\/p>\n\n\n\n<p>Respecto a la deuda con los sindicalizados, el presidente electo reconoci\u00f3 el problema que enfrentar\u00e1 junto a su Cabildo, pues deber\u00e1n gestionar, en la medida de lo posible, recursos para saldar esa deuda.<\/p>\n\n\n\n<p>Esta situaci\u00f3n, dijo, es complicada cuando se enfrentan a una reducci\u00f3n de ingresos, por lo que llam\u00f3 al Congreso del Estado a analizar el problema financiero que enfrenta el ayuntamiento de Oaxaca de Ju\u00e1rez, con pago de pensionados, laudos laborales y desde luego problem\u00e1ticas en las calles y el basurero municipal, por mencionar alguna de las carencias.<\/p>\n","protected":false},"excerpt":{"rendered":"<p>Yuridiana Sosa\/Zona Roja. Oaxaca de Ju\u00e1rez, Oax., 10 de diciembre de 2021.- El presidente electo&hellip;<\/p>\n","protected":false},"author":2,"featured_media":35249,"comment_status":"closed","ping_status":"open","sticky":false,"template":"","format":"standard","meta":{"_lmt_disableupdate":"","_lmt_disable":"","_jetpack_memberships_contains_paid_content":false,"footnotes":""},"categories":[109,47],"tags":[2418],"class_list":["post-35248","post","type-post","status-publish","format-standard","has-post-thumbnail","hentry","category-minuto-a-minuto","category-zona-gris","tag-francisco-martinez-neri"],"jetpack_featured_media_url":"https:\/\/zonaroja.com.mx\/wp-content\/uploads\/2021\/12\/Francisco-Martinez-Neri.jpg","jetpack_sharing_enabled":true,"_links":{"self":[{"href":"https:\/\/zonaroja.com.mx\/index.php?rest_route=\/wp\/v2\/posts\/35248","targetHints":{"allow":["GET"]}}],"collection":[{"href":"https:\/\/zonaroja.com.mx\/index.php?rest_route=\/wp\/v2\/posts"}],"about":[{"href":"https:\/\/zonaroja.com.mx\/index.php?rest_route=\/wp\/v2\/types\/post"}],"author":[{"embeddable":true,"href":"https:\/\/zonaroja.com.mx\/index.php?rest_route=\/wp\/v2\/users\/2"}],"replies":[{"embeddable":true,"href":"https:\/\/zonaroja.com.mx\/index.php?rest_route=%2Fwp%2Fv2%2Fcomments&post=35248"}],"version-history":[{"count":1,"href":"https:\/\/zonaroja.com.mx\/index.php?rest_route=\/wp\/v2\/posts\/35248\/revisions"}],"predecessor-version":[{"id":35250,"href":"https:\/\/zonaroja.com.mx\/index.php?rest_route=\/wp\/v2\/posts\/35248\/revisions\/35250"}],"wp:featuredmedia":[{"embeddable":true,"href":"https:\/\/zonaroja.com.mx\/index.php?rest_route=\/wp\/v2\/media\/35249"}],"wp:attachment":[{"href":"https:\/\/zonaroja.com.mx\/index.php?rest_route=%2Fwp%2Fv2%2Fmedia&parent=35248"}],"wp:term":[{"taxonomy":"category","embeddable":true,"href":"https:\/\/zonaroja.com.mx\/index.php?rest_route=%2Fwp%2Fv2%2Fcategories&post=35248"},{"taxonomy":"post_tag","embeddable":true,"href":"https:\/\/zonaroja.com.mx\/index.php?rest_route=%2Fwp%2Fv2%2Ftags&post=35248"}],"curies":[{"name":"wp","href":"https:\/\/api.w.org\/{rel}","templated":true}]}}