{"id":35255,"date":"2021-12-10T22:35:24","date_gmt":"2021-12-11T04:35:24","guid":{"rendered":"https:\/\/www.zonaroja.com.mx\/?p=35255"},"modified":"2021-12-10T22:35:31","modified_gmt":"2021-12-11T04:35:31","slug":"oaxaca-tendra-navidad-en-semaforo-verde-por-covid-19","status":"publish","type":"post","link":"https:\/\/zonaroja.com.mx\/?p=35255","title":{"rendered":"Oaxaca tendr\u00e1 Navidad en sem\u00e1foro verde por Covid-19"},"content":{"rendered":"\n<p>Redacci\u00f3n\/Zona Roja.<\/p>\n\n\n\n<p>Oaxaca de Ju\u00e1rez, Oax., 10 de diciembre de 2021.-&nbsp;Los Servicios de Salud de Oaxaca (SSO), informaron que, de acuerdo con el sem\u00e1foro de riesgo epid\u00e9mico que emite el Gobierno Federal,&nbsp;del 13 al 26 de diciembre&nbsp;Oaxaca seguir\u00e1 en color verde, por lo que la instituci\u00f3n exhorta a la poblaci\u00f3n a seguir aplicando con disciplina mediante las medidas sanitarias establecidas.<\/p>\n\n\n\n<p>Y es que&nbsp;este viernes, se han registrado 48 casos nuevos y dos defunciones con un acumulado de 83 mil 638 casos de Covid-19, y cinco mil 621 decesos, hay 208 casos activos en 54 municipios, 77 mil 809 personas se han recuperado de la enfermedad y hay cinco mil 825 casos sospechosos.<\/p>\n\n\n\n<p>En este sentido, la instituci\u00f3n recomienda evitar las reuniones masivas o acudir a lugares concurridos, usar el cubrebocas de forma correcta que cubra nariz y barbilla en espacios p\u00fablicos y cerrados, mantener la sana distancia y lavarse las manos de forma frecuente.<\/p>\n\n\n\n<p>Respecto al panorama Jurisdiccional, Valles Centrales contabiliza 50 mil 705 casos confirmados y dos mil 496 defunciones; Istmo 11 mil 829 casos confirmados y mil 203 decesos; Mixteca seis mil 482 casos confirmados y 575 personas perdieron la vida; Costa cinco mil 875 casos confirmados y 471 defunciones; Tuxtepec cinco mil 787 casos confirmados y 556 decesos, Sierra dos mil 960 casos confirmados y 320 han fallecido.<\/p>\n\n\n\n<p>Este d\u00eda se contabilizan 48 casos nuevos, distribuidos en 15 municipios, siendo los m\u00e1s afectados, San Juan Bautista Tuxtepec con 26, seguido de Oaxaca de Ju\u00e1rez con siete, Santa Luc\u00eda del Camino, Santiago Pinotepa Nacional, y Santo Domingo Tonal\u00e1 dos cada uno, el resto un solo caso. Este d\u00eda el municipio de Eloxochitl\u00e1n de Flores Magon registra su primer caso de COVID-19.<\/p>\n\n\n\n<p>Adem\u00e1s se contabilizan seis mil 735 casos acumulados del personal del Sector Salud, de los cuales, mil 931 es de la rama m\u00e9dica, dos mil 516 de enfermer\u00eda y dos mil 288 de otras \u00e1reas afines.<\/p>\n\n\n\n<p>De las cinco&nbsp;mil 621 lamentables defunciones, por sexo tres mil 586 son hombres y dos mil 035 mujeres, por rango de edad los m\u00e1s afectados son los de 65 y m\u00e1s con dos mil 623, seguido de 50 a 59 con mil 188 y de 60 a 64 con 769, las comorbilidades asociadas son la hipertensi\u00f3n arterial con 39.2%, diabetes con 36.4%, obesidad 21.2% e insuficiencia renal 6.4%.<\/p>\n\n\n\n<p>Asimismo, se ha registrado un paciente nuevo hospitalizado de los 90 que actualmente se encuentran recibiendo atenci\u00f3n m\u00e9dica por el SARS-CoV-2, hay 333 camas disponibles de un total de 423, tres hospitales se encuentran al 100% de su ocupaci\u00f3n.<\/p>\n\n\n\n<p>(Comunicado)<\/p>\n","protected":false},"excerpt":{"rendered":"<p>Redacci\u00f3n\/Zona Roja. Oaxaca de Ju\u00e1rez, Oax., 10 de diciembre de 2021.-&nbsp;Los Servicios de Salud de&hellip;<\/p>\n","protected":false},"author":2,"featured_media":35254,"comment_status":"closed","ping_status":"open","sticky":false,"template":"","format":"standard","meta":{"_lmt_disableupdate":"","_lmt_disable":"","_jetpack_memberships_contains_paid_content":false,"footnotes":""},"categories":[109,47],"tags":[],"class_list":["post-35255","post","type-post","status-publish","format-standard","has-post-thumbnail","hentry","category-minuto-a-minuto","category-zona-gris"],"jetpack_featured_media_url":"https:\/\/zonaroja.com.mx\/wp-content\/uploads\/2021\/12\/img_4216.jpg","jetpack_sharing_enabled":true,"_links":{"self":[{"href":"https:\/\/zonaroja.com.mx\/index.php?rest_route=\/wp\/v2\/posts\/35255","targetHints":{"allow":["GET"]}}],"collection":[{"href":"https:\/\/zonaroja.com.mx\/index.php?rest_route=\/wp\/v2\/posts"}],"about":[{"href":"https:\/\/zonaroja.com.mx\/index.php?rest_route=\/wp\/v2\/types\/post"}],"author":[{"embeddable":true,"href":"https:\/\/zonaroja.com.mx\/index.php?rest_route=\/wp\/v2\/users\/2"}],"replies":[{"embeddable":true,"href":"https:\/\/zonaroja.com.mx\/index.php?rest_route=%2Fwp%2Fv2%2Fcomments&post=35255"}],"version-history":[{"count":1,"href":"https:\/\/zonaroja.com.mx\/index.php?rest_route=\/wp\/v2\/posts\/35255\/revisions"}],"predecessor-version":[{"id":35256,"href":"https:\/\/zonaroja.com.mx\/index.php?rest_route=\/wp\/v2\/posts\/35255\/revisions\/35256"}],"wp:featuredmedia":[{"embeddable":true,"href":"https:\/\/zonaroja.com.mx\/index.php?rest_route=\/wp\/v2\/media\/35254"}],"wp:attachment":[{"href":"https:\/\/zonaroja.com.mx\/index.php?rest_route=%2Fwp%2Fv2%2Fmedia&parent=35255"}],"wp:term":[{"taxonomy":"category","embeddable":true,"href":"https:\/\/zonaroja.com.mx\/index.php?rest_route=%2Fwp%2Fv2%2Fcategories&post=35255"},{"taxonomy":"post_tag","embeddable":true,"href":"https:\/\/zonaroja.com.mx\/index.php?rest_route=%2Fwp%2Fv2%2Ftags&post=35255"}],"curies":[{"name":"wp","href":"https:\/\/api.w.org\/{rel}","templated":true}]}}