{"id":35258,"date":"2021-12-11T07:04:40","date_gmt":"2021-12-11T13:04:40","guid":{"rendered":"http:\/\/www.zonaroja.com.mx\/?p=35258"},"modified":"2021-12-11T07:04:43","modified_gmt":"2021-12-11T13:04:43","slug":"acuerda-teeo-traducir-sentencia-en-braille-ordena-al-ieepco-replicar-medida","status":"publish","type":"post","link":"https:\/\/zonaroja.com.mx\/?p=35258","title":{"rendered":"Acuerda TEEO traducir sentencia en Braille; ordena al IEEPCO replicar medida"},"content":{"rendered":"\n<p>Redacci\u00f3n\/Zona Roja.<\/p>\n\n\n\n<p>Oaxaca de Ju\u00e1rez, Oax., 11 de diciembre de 2021.- Para garantizar el derecho de acceso a la justicia en igualdad de condiciones, el Tribunal Electoral del Estado de Oaxaca (TEEO) acord\u00f3, por primera vez en su historia, traducir en escritura Braille, la sentencia del Juicio para la Protecci\u00f3n de los Derechos Pol\u00edtico Electorales del Ciudadano, con clave JDC\/264\/2021.<\/p>\n\n\n\n<p>Las magistradas y el magistrado determinaron que el actor, identificado como Marcelo Bautista Gonz\u00e1lez, ser\u00e1 notificado con este documento, resuelto en la sesi\u00f3n realizada ayer viernes 10 de diciembre, mediante videoconferencia.<\/p>\n\n\n\n<p>En este expediente, este \u00d3rgano Jurisdiccional revoc\u00f3 el Instituto Estatal Electoral y de Participaci\u00f3n Ciudadana de Oaxaca n\u00famero EEPCO-CG-97\/2021, por medio del cual orden\u00f3 la difusi\u00f3n gen\u00e9rica de la convocatoria para participar en la observaci\u00f3n electoral en el proceso electoral local ordinario 2021-2022.<\/p>\n\n\n\n<p>Adem\u00e1s, le orden\u00f3 que, en consideraci\u00f3n a su capacidad operativa y presupuestal, difunda esta convocatoria en escritura Braille, para facilitar el acceso a personas con discapacidad visual.<\/p>\n\n\n\n<p>Con esta resoluci\u00f3n, el TEEO da cumplimiento a la sentencia pronunciada por la Sala Superior del Tribunal Electoral del Poder Judicial de la Federaci\u00f3n, dictada en el expediente: SUP-JDC-1376\/2021.<\/p>\n\n\n\n<p>La sentencia del Tribunal de Oaxaca consider\u00f3 fundado el agravio hecho valer por Bautista Gonz\u00e1lez, respecto a que la convocatoria del IEEPCO fue discriminatoria, ya que de una lectura \u00edntegra del contenido del acuerdo controvertido, se advirti\u00f3 que existe una omisi\u00f3n lisa y llana de realizar ajustes razonables para que dicha convocatoria fuera publicada en formatos accesibles para las personas con alguna discapacidad visual.<\/p>\n\n\n\n<p>Detall\u00f3 que el IEEPCO reconoci\u00f3 la omisi\u00f3n e inform\u00f3 que la convocatoria impugnada servir\u00eda de base para hacer traducciones en formatos de f\u00e1cil lectura, como, por ejemplo, el Braille; por lo que una vez que las tuviera, las difundir\u00eda oportunamente en los canales de comunicaci\u00f3n con los que cuenta el Instituto Estatal Electoral.<\/p>\n\n\n\n<p>Sin embargo, el pleno advirti\u00f3 que, actualmente, en la p\u00e1gina electr\u00f3nica oficial o en las redes sociales del Instituto Estatal Electoral, no se encuentra disponible dicha versi\u00f3n, lo que hace evidente la contravenci\u00f3n a los principios de igualdad y no discriminaci\u00f3n.<\/p>\n","protected":false},"excerpt":{"rendered":"<p>Redacci\u00f3n\/Zona Roja. Oaxaca de Ju\u00e1rez, Oax., 11 de diciembre de 2021.- Para garantizar el derecho&hellip;<\/p>\n","protected":false},"author":2,"featured_media":35259,"comment_status":"closed","ping_status":"open","sticky":false,"template":"","format":"standard","meta":{"_lmt_disableupdate":"","_lmt_disable":"","_jetpack_memberships_contains_paid_content":false,"footnotes":""},"categories":[109,46],"tags":[2235],"class_list":["post-35258","post","type-post","status-publish","format-standard","has-post-thumbnail","hentry","category-minuto-a-minuto","category-zona-blanca","tag-tribunal-electoral-del-estado-de-oaxaca-teeo"],"jetpack_featured_media_url":"https:\/\/zonaroja.com.mx\/wp-content\/uploads\/2021\/12\/SESION-101221.jpeg","jetpack_sharing_enabled":true,"_links":{"self":[{"href":"https:\/\/zonaroja.com.mx\/index.php?rest_route=\/wp\/v2\/posts\/35258","targetHints":{"allow":["GET"]}}],"collection":[{"href":"https:\/\/zonaroja.com.mx\/index.php?rest_route=\/wp\/v2\/posts"}],"about":[{"href":"https:\/\/zonaroja.com.mx\/index.php?rest_route=\/wp\/v2\/types\/post"}],"author":[{"embeddable":true,"href":"https:\/\/zonaroja.com.mx\/index.php?rest_route=\/wp\/v2\/users\/2"}],"replies":[{"embeddable":true,"href":"https:\/\/zonaroja.com.mx\/index.php?rest_route=%2Fwp%2Fv2%2Fcomments&post=35258"}],"version-history":[{"count":1,"href":"https:\/\/zonaroja.com.mx\/index.php?rest_route=\/wp\/v2\/posts\/35258\/revisions"}],"predecessor-version":[{"id":35260,"href":"https:\/\/zonaroja.com.mx\/index.php?rest_route=\/wp\/v2\/posts\/35258\/revisions\/35260"}],"wp:featuredmedia":[{"embeddable":true,"href":"https:\/\/zonaroja.com.mx\/index.php?rest_route=\/wp\/v2\/media\/35259"}],"wp:attachment":[{"href":"https:\/\/zonaroja.com.mx\/index.php?rest_route=%2Fwp%2Fv2%2Fmedia&parent=35258"}],"wp:term":[{"taxonomy":"category","embeddable":true,"href":"https:\/\/zonaroja.com.mx\/index.php?rest_route=%2Fwp%2Fv2%2Fcategories&post=35258"},{"taxonomy":"post_tag","embeddable":true,"href":"https:\/\/zonaroja.com.mx\/index.php?rest_route=%2Fwp%2Fv2%2Ftags&post=35258"}],"curies":[{"name":"wp","href":"https:\/\/api.w.org\/{rel}","templated":true}]}}