{"id":3526,"date":"2019-08-30T08:20:56","date_gmt":"2019-08-30T13:20:56","guid":{"rendered":"http:\/\/www.zonaroja.com.mx\/?p=3526"},"modified":"2019-08-30T08:20:59","modified_gmt":"2019-08-30T13:20:59","slug":"impunidad-de-taxistas-agresores-protegidos-por-el-gobierno-estatal","status":"publish","type":"post","link":"https:\/\/zonaroja.com.mx\/?p=3526","title":{"rendered":"Impunidad de taxistas agresores, protegidos por el gobierno estatal"},"content":{"rendered":"\n<p>Redacci\u00f3n\/Zona\nRoja.<\/p>\n\n\n\n<p>Oaxaca de\nJu\u00e1rez, Oax., 30 de agosto de 2019.- \u201c\u00a1Ya, ya, ya, ya!\u201d\u2026 los gritos de s\u00faplica\ndel taxista. \u201c\u00a1Ya, no le peguen! \u00a1D\u00e9jelo en paz!\u201d\u2026, una ciudadana que ped\u00eda\nclemencia. Pero nada vali\u00f3. Un chofer de una unidad de la zona conurbada golpea\ncon un bat y con sa\u00f1a a un ruletero de la capital; otros m\u00e1s se abalanzan y lo\ntunden a patadas. Unos m\u00e1s, aprovecharon y da\u00f1aron el coche color amarillo.\nNinguna autoridad lleg\u00f3. Ninguna investigaci\u00f3n hay hasta el momento acerca de\nla en\u00e9sima agresi\u00f3n de taxistas.<\/p>\n\n\n\n<p>Los recientes hechos sucedieron la noche del mi\u00e9rcoles en inmediaciones de la carretera que conduce al fraccionamiento El Rosario, de San Sebasti\u00e1n Tutla, a partir de la agencia de Cinco Se\u00f1ores, ciudad de Oaxaca.<\/p>\n\n\n\n<figure class=\"wp-block-embed-twitter wp-block-embed is-type-rich is-provider-twitter\"><div class=\"wp-block-embed__wrapper\">\n<div class=\"twitter-tweet\"><blockquote class=\"twitter-tweet\" data-lang=\"es\"><p lang=\"es\" dir=\"ltr\"><a href=\"https:\/\/twitter.com\/hashtag\/OaxacaRojo?src=hash&amp;ref_src=twsrc%5Etfw\">#OaxacaRojo<\/a><br>En este video se aprecia con mayor claridad la golpiza que taxistas miembros de la CATEM dan a un ruletero de la cuidad de Oaxaca, al que da\u00f1aron tambi\u00e9n la unidad; ni la <a href=\"https:\/\/twitter.com\/SEMOVI_GobOax?ref_src=twsrc%5Etfw\">@SEMOVI_GobOax<\/a> ni la <a href=\"https:\/\/twitter.com\/FISCALIA_GobOax?ref_src=twsrc%5Etfw\">@FISCALIA_GobOax<\/a> han informado si ya proceden, tras los hechos de ayer. <a href=\"https:\/\/t.co\/WDk7jyYEEs\">pic.twitter.com\/WDk7jyYEEs<\/a><\/p>&mdash; Zona Roja Oaxaca (@MexRoja) <a href=\"https:\/\/twitter.com\/MexRoja\/status\/1167271292765999104?ref_src=twsrc%5Etfw\">30 de agosto de 2019<\/a><\/blockquote><\/div>\n<\/div><\/figure>\n\n\n\n<p>El agresor,\npresuntamente identificado como Jos\u00e9 Luis M\u00e9ndez, alias \u201cEl Pachuco\u201d, de la\noficialista Confederaci\u00f3n Aut\u00f3noma de Trabajadores y Empleados de M\u00e9xico (CATEM),\nque en el discurso ha dicho que no incurre en la violencia.<\/p>\n\n\n\n<p>El agredido,\nArmando P\u00e9rez, de 22 a\u00f1os de edad, del sitio \u201cAlameda\u201d, todo porque\nsupuestamente recogi\u00f3 pasaje donde no deb\u00eda, zona gobernada por CATEM y otros\nsindicatos que deciden y rebasan a la autoridad.<\/p>\n\n\n\n<p>No es el\n\u00fanico caso; en los \u00faltimos meses se han dado a conocer diversos hechos en que\ntaxistas golpean a civiles o a sus propios compa\u00f1eros contrincantes; los de la\nzona metropolitana les bajan pasaje a los amarillos de la capital. Y hasta el\nmomento ni la Secretar\u00eda de Movilidad ni la Fiscal\u00eda General del Estado han aplicado\nsanciones ejemplares.<\/p>\n\n\n\n<p>El lesionado\nen diversas partes del cuerpo fue trasladado al Hospital Civil \u201cDr. Aurelio\nValdivieso\u201d, donde convalece. La Secretar\u00eda de Movilidad se limit\u00f3 a informar\nen redes sociales que tom\u00f3 conocimiento del caso y cit\u00f3 al due\u00f1o de la unidad\nde motor. La impunidad reina en el sector transporte de Oaxaca.<\/p>\n","protected":false},"excerpt":{"rendered":"<p>Redacci\u00f3n\/Zona Roja. Oaxaca de Ju\u00e1rez, Oax., 30 de agosto de 2019.- \u201c\u00a1Ya, ya, ya, ya!\u201d\u2026&hellip;<\/p>\n","protected":false},"author":2,"featured_media":3527,"comment_status":"closed","ping_status":"open","sticky":false,"template":"","format":"standard","meta":{"_lmt_disableupdate":"","_lmt_disable":"","_jetpack_memberships_contains_paid_content":false,"footnotes":""},"categories":[109,51],"tags":[640],"class_list":["post-3526","post","type-post","status-publish","format-standard","has-post-thumbnail","hentry","category-minuto-a-minuto","category-zona-roja","tag-taxistas-agresores-oaxaca"],"jetpack_featured_media_url":"https:\/\/zonaroja.com.mx\/wp-content\/uploads\/2019\/08\/IMG_3097.jpg","jetpack_sharing_enabled":true,"_links":{"self":[{"href":"https:\/\/zonaroja.com.mx\/index.php?rest_route=\/wp\/v2\/posts\/3526","targetHints":{"allow":["GET"]}}],"collection":[{"href":"https:\/\/zonaroja.com.mx\/index.php?rest_route=\/wp\/v2\/posts"}],"about":[{"href":"https:\/\/zonaroja.com.mx\/index.php?rest_route=\/wp\/v2\/types\/post"}],"author":[{"embeddable":true,"href":"https:\/\/zonaroja.com.mx\/index.php?rest_route=\/wp\/v2\/users\/2"}],"replies":[{"embeddable":true,"href":"https:\/\/zonaroja.com.mx\/index.php?rest_route=%2Fwp%2Fv2%2Fcomments&post=3526"}],"version-history":[{"count":1,"href":"https:\/\/zonaroja.com.mx\/index.php?rest_route=\/wp\/v2\/posts\/3526\/revisions"}],"predecessor-version":[{"id":3528,"href":"https:\/\/zonaroja.com.mx\/index.php?rest_route=\/wp\/v2\/posts\/3526\/revisions\/3528"}],"wp:featuredmedia":[{"embeddable":true,"href":"https:\/\/zonaroja.com.mx\/index.php?rest_route=\/wp\/v2\/media\/3527"}],"wp:attachment":[{"href":"https:\/\/zonaroja.com.mx\/index.php?rest_route=%2Fwp%2Fv2%2Fmedia&parent=3526"}],"wp:term":[{"taxonomy":"category","embeddable":true,"href":"https:\/\/zonaroja.com.mx\/index.php?rest_route=%2Fwp%2Fv2%2Fcategories&post=3526"},{"taxonomy":"post_tag","embeddable":true,"href":"https:\/\/zonaroja.com.mx\/index.php?rest_route=%2Fwp%2Fv2%2Ftags&post=3526"}],"curies":[{"name":"wp","href":"https:\/\/api.w.org\/{rel}","templated":true}]}}