{"id":35268,"date":"2021-12-11T07:44:24","date_gmt":"2021-12-11T13:44:24","guid":{"rendered":"http:\/\/www.zonaroja.com.mx\/?p=35268"},"modified":"2021-12-11T07:44:27","modified_gmt":"2021-12-11T13:44:27","slug":"publica-poder-judicial-su-boletin-digital-mensual-sobre-dh-genero-y-justicia","status":"publish","type":"post","link":"https:\/\/zonaroja.com.mx\/?p=35268","title":{"rendered":"Publica Poder Judicial su bolet\u00edn digital mensual sobre DH, G\u00e9nero y Justicia"},"content":{"rendered":"\n<p>Redacci\u00f3n\/Zona Roja.<\/p>\n\n\n\n<p>Oaxaca de Ju\u00e1rez, Oax., 11 de diciembre de 2021.- Como parte de los recursos y herramientas informativas del Poder Judicial para acercar a la ciudadan\u00eda a tem\u00e1ticas en torno a la justicia, as\u00ed como fomentar un an\u00e1lisis y reflexi\u00f3n profunda, humana y desde la perspectiva acad\u00e9mica sobre el quehacer judicial, se public\u00f3 la edici\u00f3n mensual del Bolet\u00edn digital Derechos Humanos, G\u00e9nero y Justicia del mes de noviembre, realizado por la Direcci\u00f3n de Derechos Humanos del Consejo de la Judicatura.<\/p>\n\n\n\n<p>Desde la perspectiva de derechos humanos, el art\u00edculo \u201cUna aproximaci\u00f3n a la justicia penal para adolescentes en el derecho ind\u00edgena\u201d, elaborado por el Magistrado Manuel de Jes\u00fas L\u00f3pez L\u00f3pez, aborda temas como: la perspectiva desde los tribunales locales y federales; la aplicaci\u00f3n de la justicia penal ind\u00edgena en Ixtl\u00e1n de Ju\u00e1rez; la declinaci\u00f3n de competencia en justicia penal para adolescentes a una comunidad ind\u00edgena, entre otros.<\/p>\n\n\n\n<p>Destaca tambi\u00e9n la importancia de que Oaxaca sea pionero en la creaci\u00f3n de normas y leyes de vanguardia, as\u00ed como del reconocimiento de los sistemas normativos internos para la aplicaci\u00f3n de un nuevo Derecho en la materia.<\/p>\n\n\n\n<p>Por otra parte, \u201cDerecho y Literatura\u201d de Marcos Geraldo Hern\u00e1ndez Ruiz, explica de qu\u00e9 forma \u00e9stas dos disciplinas convergen la una con la otra constituyendo dos perspectivas distintas de las humanidades: una por sus regulaciones coercitivas de la conducta humana, y la otra por su narrativa sublime e ingeniosa de la condici\u00f3n del ser humano; sin embargo, constituye una relaci\u00f3n de mucho provecho para el profesional del derecho.<\/p>\n\n\n\n<p>Finalmente, recapitula en sus p\u00e1ginas, la trascendencia del \u201cSeminario Internacional sobre Sistemas Normativos Ind\u00edgenas y Pluralismo Jur\u00eddico\u201d, realizado en colaboraci\u00f3n con el Instituto Nacional de los Pueblos Ind\u00edgenas (INPI) y el Centro de Investigaciones y Estudios Superiores en Antropolog\u00eda Social (CIESAS), el cual tuvo la participaci\u00f3n especial de Francisco Cali Tzay, Relator Especial de las Naciones Unidas sobre los Derechos de los Pueblos Ind\u00edgenas, y en el que se llevaron a cabo diversos paneles de discusi\u00f3n con especialistas nacionales e internacionales en la materia.<\/p>\n\n\n\n<p>El Bolet\u00edn digital se puede consultar en las redes sociales del Poder Judicial o directamente en el enlace: <a href=\"https:\/\/drive.google.com\/file\/d\/1eZtkP1ERNdTrKVAsxb-haGNfiRXdy8gr\/view\">https:\/\/drive.google.com\/file\/d\/1eZtkP1ERNdTrKVAsxb-haGNfiRXdy8gr\/view<\/a>.<\/p>\n","protected":false},"excerpt":{"rendered":"<p>Redacci\u00f3n\/Zona Roja. Oaxaca de Ju\u00e1rez, Oax., 11 de diciembre de 2021.- Como parte de los&hellip;<\/p>\n","protected":false},"author":2,"featured_media":35269,"comment_status":"closed","ping_status":"open","sticky":false,"template":"","format":"standard","meta":{"_lmt_disableupdate":"","_lmt_disable":"","_jetpack_memberships_contains_paid_content":false,"footnotes":""},"categories":[109,46],"tags":[223],"class_list":["post-35268","post","type-post","status-publish","format-standard","has-post-thumbnail","hentry","category-minuto-a-minuto","category-zona-blanca","tag-poder-judicial-de-oaxaca"],"jetpack_featured_media_url":"https:\/\/zonaroja.com.mx\/wp-content\/uploads\/2021\/12\/Boletin-derechos-humanos.jpg","jetpack_sharing_enabled":true,"_links":{"self":[{"href":"https:\/\/zonaroja.com.mx\/index.php?rest_route=\/wp\/v2\/posts\/35268","targetHints":{"allow":["GET"]}}],"collection":[{"href":"https:\/\/zonaroja.com.mx\/index.php?rest_route=\/wp\/v2\/posts"}],"about":[{"href":"https:\/\/zonaroja.com.mx\/index.php?rest_route=\/wp\/v2\/types\/post"}],"author":[{"embeddable":true,"href":"https:\/\/zonaroja.com.mx\/index.php?rest_route=\/wp\/v2\/users\/2"}],"replies":[{"embeddable":true,"href":"https:\/\/zonaroja.com.mx\/index.php?rest_route=%2Fwp%2Fv2%2Fcomments&post=35268"}],"version-history":[{"count":1,"href":"https:\/\/zonaroja.com.mx\/index.php?rest_route=\/wp\/v2\/posts\/35268\/revisions"}],"predecessor-version":[{"id":35270,"href":"https:\/\/zonaroja.com.mx\/index.php?rest_route=\/wp\/v2\/posts\/35268\/revisions\/35270"}],"wp:featuredmedia":[{"embeddable":true,"href":"https:\/\/zonaroja.com.mx\/index.php?rest_route=\/wp\/v2\/media\/35269"}],"wp:attachment":[{"href":"https:\/\/zonaroja.com.mx\/index.php?rest_route=%2Fwp%2Fv2%2Fmedia&parent=35268"}],"wp:term":[{"taxonomy":"category","embeddable":true,"href":"https:\/\/zonaroja.com.mx\/index.php?rest_route=%2Fwp%2Fv2%2Fcategories&post=35268"},{"taxonomy":"post_tag","embeddable":true,"href":"https:\/\/zonaroja.com.mx\/index.php?rest_route=%2Fwp%2Fv2%2Ftags&post=35268"}],"curies":[{"name":"wp","href":"https:\/\/api.w.org\/{rel}","templated":true}]}}