{"id":35273,"date":"2021-12-11T14:45:56","date_gmt":"2021-12-11T20:45:56","guid":{"rendered":"https:\/\/www.zonaroja.com.mx\/?p=35273"},"modified":"2021-12-11T14:46:57","modified_gmt":"2021-12-11T20:46:57","slug":"uriel-diaz-caballero-dirigente-del-pup-cometio-violencia-contra-su-companera","status":"publish","type":"post","link":"https:\/\/zonaroja.com.mx\/?p=35273","title":{"rendered":"Uriel D\u00edaz Caballero, dirigente del PUP, cometi\u00f3 violencia contra su compa\u00f1era"},"content":{"rendered":"\n<p>Yuridiana Sosa\/ Zona Roja<\/p>\n\n\n\n<p>Oaxaca de Ju\u00e1rez,Oax., 11 de diciembre de 2021.- La violencia pol\u00edtica por raz\u00f3n de g\u00e9nero ejercida por el presidente del Partido Unidad Popular (PUP),Uriel D\u00edaz Caballero, contra una de las integrantes del Comit\u00e9 Ejecutivo Estatal, fue acreditada por el Tribunal Electoral del Estado de Oaxaca (TEEO).<\/p>\n\n\n\n<p>La resoluci\u00f3n de expediente JDC\/265\/2021, interpuesta por Carmen Rodr\u00edguez Mart\u00ednez, secretar\u00eda de Alianza Estrat\u00e9gica de citado comit\u00e9, tambi\u00e9n incluye la acreditaci\u00f3n de la violencia por parte del secretario de Administraci\u00f3n y Finanzas, Veremundo Jim\u00e9nez Jim\u00e9nez.<\/p>\n\n\n\n<p>El pleno indic\u00f3 que el acto que reclama Rodr\u00edguez Mart\u00ednez al presidente del comit\u00e9 se realizaron en contra de la actora en el ejercicio de un cargo intrapartidario.<\/p>\n\n\n\n<p>\u201cDichas conductas se traducen en su invisibilizaci\u00f3n para ejercer el cargo que el propio presidente le asign\u00f3\u201d, cit\u00f3 la resoluci\u00f3n del Tribunal de Oaxaca.<\/p>\n\n\n\n<p>Puntualiz\u00f3 que se ha tenido por acreditadas las omisiones que hizo valer la actora. Adem\u00e1s de que la actora refiri\u00f3 que el presidente ha expresado frases que llevan como efecto denostarla por el hecho de ser mujer.<\/p>\n\n\n\n<p>Carmen Rodr\u00edguez interpuso la denuncia por la omisi\u00f3n de convocarla a todas las sesiones y reuniones del referido Comit\u00e9. Pero de manera p\u00fablica, tambi\u00e9n denunci\u00f3 que tampoco hab\u00edan percibido salario por su cargo, el cual por derecho les corresponde.<\/p>\n\n\n\n<p>Recientemente, el TEEO tambi\u00e9n indic\u00f3 que el PUP tambi\u00e9n hab\u00eda incurrido en una falta al no realizar la convocatoria para la renovaci\u00f3n de la dirigencia.<\/p>\n","protected":false},"excerpt":{"rendered":"<p>Yuridiana Sosa\/ Zona Roja Oaxaca de Ju\u00e1rez,Oax., 11 de diciembre de 2021.- La violencia pol\u00edtica&hellip;<\/p>\n","protected":false},"author":2,"featured_media":35272,"comment_status":"closed","ping_status":"open","sticky":false,"template":"","format":"standard","meta":{"_lmt_disableupdate":"","_lmt_disable":"","_jetpack_memberships_contains_paid_content":false,"footnotes":""},"categories":[109,47],"tags":[],"class_list":["post-35273","post","type-post","status-publish","format-standard","has-post-thumbnail","hentry","category-minuto-a-minuto","category-zona-gris"],"jetpack_featured_media_url":"https:\/\/zonaroja.com.mx\/wp-content\/uploads\/2021\/12\/img_4444-1.jpg","jetpack_sharing_enabled":true,"_links":{"self":[{"href":"https:\/\/zonaroja.com.mx\/index.php?rest_route=\/wp\/v2\/posts\/35273","targetHints":{"allow":["GET"]}}],"collection":[{"href":"https:\/\/zonaroja.com.mx\/index.php?rest_route=\/wp\/v2\/posts"}],"about":[{"href":"https:\/\/zonaroja.com.mx\/index.php?rest_route=\/wp\/v2\/types\/post"}],"author":[{"embeddable":true,"href":"https:\/\/zonaroja.com.mx\/index.php?rest_route=\/wp\/v2\/users\/2"}],"replies":[{"embeddable":true,"href":"https:\/\/zonaroja.com.mx\/index.php?rest_route=%2Fwp%2Fv2%2Fcomments&post=35273"}],"version-history":[{"count":1,"href":"https:\/\/zonaroja.com.mx\/index.php?rest_route=\/wp\/v2\/posts\/35273\/revisions"}],"predecessor-version":[{"id":35274,"href":"https:\/\/zonaroja.com.mx\/index.php?rest_route=\/wp\/v2\/posts\/35273\/revisions\/35274"}],"wp:featuredmedia":[{"embeddable":true,"href":"https:\/\/zonaroja.com.mx\/index.php?rest_route=\/wp\/v2\/media\/35272"}],"wp:attachment":[{"href":"https:\/\/zonaroja.com.mx\/index.php?rest_route=%2Fwp%2Fv2%2Fmedia&parent=35273"}],"wp:term":[{"taxonomy":"category","embeddable":true,"href":"https:\/\/zonaroja.com.mx\/index.php?rest_route=%2Fwp%2Fv2%2Fcategories&post=35273"},{"taxonomy":"post_tag","embeddable":true,"href":"https:\/\/zonaroja.com.mx\/index.php?rest_route=%2Fwp%2Fv2%2Ftags&post=35273"}],"curies":[{"name":"wp","href":"https:\/\/api.w.org\/{rel}","templated":true}]}}