{"id":35276,"date":"2021-12-11T16:23:15","date_gmt":"2021-12-11T22:23:15","guid":{"rendered":"https:\/\/www.zonaroja.com.mx\/?p=35276"},"modified":"2021-12-11T16:23:20","modified_gmt":"2021-12-11T22:23:20","slug":"denuncia-dirigente-del-pvem-violencia-politica-y-opacidad-en-proceso-interno","status":"publish","type":"post","link":"https:\/\/zonaroja.com.mx\/?p=35276","title":{"rendered":"Denuncia dirigente del PVEM violencia pol\u00edtica y opacidad en proceso interno"},"content":{"rendered":"\n<p>Yuridiana Sosa\/ Zona Roja&nbsp;<\/p>\n\n\n\n<p>Oaxaca de Ju\u00e1rez, Oax., 11 de diciembre de 2021.- La secretaria de la Mujer del Partido Verde Ecologista de M\u00e9xico (PVEM) en Oaxaca, Aurora L\u00f3pez Acevedo, denunci\u00f3 actos de violencia f\u00edsica y verbal en su contra, al exigir participar en el proceso de renovaci\u00f3n de la dirigencia del partido en la entidad.<\/p>\n\n\n\n<p>Desde una cama hospitalaria, con una c\u00e1nula nasal de ox\u00edgeno, la ex diputada se\u00f1al\u00f3 por medio de un video en su cuenta de Twitter los agravios de los que fue v\u00edctima por demandar su derecho para aspirar a la dirigencia estatal, por lo que demand\u00f3 la intervenci\u00f3n de la, presidenta del PVEM en M\u00e9xico, Karen Castrej\u00f3n Trujillo.<\/p>\n\n\n\n<p>Apunt\u00f3 que el Partido Verde en Oaxaca \u201crenueva su dirigencia en completa ilegalidad\u00bb. Con convocatorias ocultas para negarme el derecho a participar\u201d. Contra ella, agreg\u00f3, se us\u00f3 la fuerza y han atentado contra su persona, salud y seguridad y al cuestionar los actos del partido tambi\u00e9n fue violentada f\u00edsica y verbalmente.<\/p>\n\n\n\n<p>\u201cSolicito al Partido Verde de M\u00e9xico, a Karen Castrej\u00f3n, ya a todos aquellos que tienen toma de decisiones dentro del partido, su total apoyo y revisi\u00f3n de este proceso, as\u00ed como su reposici\u00f3n por el bien del partido en Oaxaca y sus militantes, como a una servidora\u201d.&nbsp;<\/p>\n\n\n\n<p>La militante del Verde en Oaxaca y diputada en la 64 Legislatura, indic\u00f3 en una publicaci\u00f3n que denunci\u00f3 a los responsables de esos actos en las instancias correspondientes y la violencia emitida qued\u00f3 asentada. <\/p>\n","protected":false},"excerpt":{"rendered":"<p>Yuridiana Sosa\/ Zona Roja&nbsp; Oaxaca de Ju\u00e1rez, Oax., 11 de diciembre de 2021.- La secretaria&hellip;<\/p>\n","protected":false},"author":2,"featured_media":35275,"comment_status":"closed","ping_status":"open","sticky":false,"template":"","format":"standard","meta":{"_lmt_disableupdate":"","_lmt_disable":"","_jetpack_memberships_contains_paid_content":false,"footnotes":""},"categories":[1,47],"tags":[2796],"class_list":["post-35276","post","type-post","status-publish","format-standard","has-post-thumbnail","hentry","category-sin-categoria","category-zona-gris","tag-aurora-lopez-acevedo"],"jetpack_featured_media_url":"https:\/\/zonaroja.com.mx\/wp-content\/uploads\/2021\/12\/img_4463.jpg","jetpack_sharing_enabled":true,"_links":{"self":[{"href":"https:\/\/zonaroja.com.mx\/index.php?rest_route=\/wp\/v2\/posts\/35276","targetHints":{"allow":["GET"]}}],"collection":[{"href":"https:\/\/zonaroja.com.mx\/index.php?rest_route=\/wp\/v2\/posts"}],"about":[{"href":"https:\/\/zonaroja.com.mx\/index.php?rest_route=\/wp\/v2\/types\/post"}],"author":[{"embeddable":true,"href":"https:\/\/zonaroja.com.mx\/index.php?rest_route=\/wp\/v2\/users\/2"}],"replies":[{"embeddable":true,"href":"https:\/\/zonaroja.com.mx\/index.php?rest_route=%2Fwp%2Fv2%2Fcomments&post=35276"}],"version-history":[{"count":1,"href":"https:\/\/zonaroja.com.mx\/index.php?rest_route=\/wp\/v2\/posts\/35276\/revisions"}],"predecessor-version":[{"id":35277,"href":"https:\/\/zonaroja.com.mx\/index.php?rest_route=\/wp\/v2\/posts\/35276\/revisions\/35277"}],"wp:featuredmedia":[{"embeddable":true,"href":"https:\/\/zonaroja.com.mx\/index.php?rest_route=\/wp\/v2\/media\/35275"}],"wp:attachment":[{"href":"https:\/\/zonaroja.com.mx\/index.php?rest_route=%2Fwp%2Fv2%2Fmedia&parent=35276"}],"wp:term":[{"taxonomy":"category","embeddable":true,"href":"https:\/\/zonaroja.com.mx\/index.php?rest_route=%2Fwp%2Fv2%2Fcategories&post=35276"},{"taxonomy":"post_tag","embeddable":true,"href":"https:\/\/zonaroja.com.mx\/index.php?rest_route=%2Fwp%2Fv2%2Ftags&post=35276"}],"curies":[{"name":"wp","href":"https:\/\/api.w.org\/{rel}","templated":true}]}}