{"id":35278,"date":"2021-12-11T17:34:36","date_gmt":"2021-12-11T23:34:36","guid":{"rendered":"http:\/\/www.zonaroja.com.mx\/?p=35278"},"modified":"2021-12-11T18:00:15","modified_gmt":"2021-12-12T00:00:15","slug":"demanda-diputada-orden-y-paz-social-en-oaxaca-interviene-segego","status":"publish","type":"post","link":"https:\/\/zonaroja.com.mx\/?p=35278","title":{"rendered":"Demanda diputada orden y paz social en Oaxaca; interviene Segego"},"content":{"rendered":"\n<p>Redacci\u00f3n\/Zona Roja.<\/p>\n\n\n\n<p>Oaxaca de Ju\u00e1rez, Oax., 11 de diciembre de 2021.- En el tercer d\u00eda de bloqueos a una docena de cruceros viales en la ciudad de Oaxaca, el presidente municipal Oswaldo Garc\u00eda Jarqu\u00edn no ha dado la cara.<\/p>\n\n\n\n<p>En tanto, la presidenta de la Mesa Directiva del Congreso local, Mariana Ben\u00edtez Tiburcio, solicit\u00f3 al edil y a los integrantes del Sindicato \u201c3 de Marzo\u00bb, retomar el di\u00e1logo y solucionar el conflicto para establecer el orden y la paz social en beneficio de las y los capitalinos.<\/p>\n\n\n\n<p>\u00abHago un exhorto al presidente municipal de Oaxaca, Oswaldo Garc\u00eda, y al Sindicato \u20183 de marzo\u2019, para que retomen el di\u00e1logo inmediatamente y den pronta soluci\u00f3n al conflicto y a las demandas, la ciudad de Oaxaca no merece esto\u00bb,&nbsp; expres\u00f3&nbsp; la&nbsp; legisladora a trav\u00e9s de su cuenta oficial de Twitter.<\/p>\n\n\n\n<p>Como parte de las acciones de protesta de este sindicato por la falta de atenci\u00f3n del edil de la ciudad de Oaxaca, trabajadores de limpia del municipio, arrojaron ayer basura en la entrada de la sede del Congreso y cuatro lugares m\u00e1s, aunado a una serie de bloqueos en diversos puntos de la entidad, situaci\u00f3n que pone en riesgo la salud y bienestar de la ciudadan\u00eda.<\/p>\n\n\n\n<figure class=\"wp-block-embed is-type-rich is-provider-twitter wp-block-embed-twitter\"><div class=\"wp-block-embed__wrapper\">\n<div class=\"twitter-tweet\"><blockquote class=\"twitter-tweet\" data-lang=\"es\"><p lang=\"es\" dir=\"ltr\"><a href=\"https:\/\/twitter.com\/hashtag\/%C3%9AltimoMinuto?src=hash&amp;ref_src=twsrc%5Etfw\">#\u00daltimoMinuto<\/a><br>Por tercer d\u00eda \ufffc consecutivo, siguen las protestas y bloqueos en la ciudad de <a href=\"https:\/\/twitter.com\/hashtag\/Oaxaca?src=hash&amp;ref_src=twsrc%5Etfw\">#Oaxaca<\/a> por parte de trabajadores del ayuntamiento del Sindicato \u201c3 de Marzo\u201d; cierran al menos una docena de cruces viales. <a href=\"https:\/\/t.co\/YbBiTiqqsf\">pic.twitter.com\/YbBiTiqqsf<\/a><\/p>&mdash; Zona Roja Oaxaca (@Zona_Roja_Oax) <a href=\"https:\/\/twitter.com\/Zona_Roja_Oax\/status\/1469681660442644482?ref_src=twsrc%5Etfw\">11 de diciembre de 2021<\/a><\/blockquote><\/div>\n<\/div><\/figure>\n\n\n\n<p>Por lo cual, Ben\u00edtez Tiburcio, exigi\u00f3 dar soluci\u00f3n inmediata a las demandas y acuerdos que hasta el momento no se han cumplido, c\u00f3mo son la compra y acondicionamiento de las unidades recolectoras, rehabilitaci\u00f3n del \u00e1rea conocida como el \u00abArenal\u00bb,&nbsp; y mejora de las&nbsp; condiciones laborales de las y los trabajadores.<\/p>\n\n\n\n<p>INTERVIENE GOBIERO<\/p>\n\n\n\n<p>Por otra parte, despu\u00e9s del mediod\u00eda, finalmente intervino la Secretar\u00eda General de Gobierno (Segego) y funcionarios de la dependencia llamaron a un di\u00e1logo a las autoridades municipales y al gremio de trabajadores.<\/p>\n\n\n\n<p>Sin embargo, tampoco se present\u00f3 el edil surgido del Partido Morena y \u00fanicamente arrib\u00f3 el presidente municipal electo, Francisco Mart\u00ednez Neri, adem\u00e1s de los representantes del Sindicato \u201c3 de Marzo\u201d.<\/p>\n\n\n\n<p>El di\u00e1logo se extendi\u00f3 por varias horas en el Palacio de Gobierno pero hasta esta tarde no se hab\u00eda alcanzado ning\u00fan acuerdo.<\/p>\n\n\n\n<p>En tanto, acudi\u00f3 el edil electo Francisco Mart\u00ednez Neri, con la finalidad de aportar sus observaciones y hacer un llamado al di\u00e1logo y a la cordura. <\/p>\n\n\n\n<figure class=\"wp-block-embed is-type-rich is-provider-twitter wp-block-embed-twitter\"><div class=\"wp-block-embed__wrapper\">\n<div class=\"twitter-tweet\"><blockquote class=\"twitter-tweet\" data-lang=\"es\"><p lang=\"es\" dir=\"ltr\">Hago un exhorto al presidente municipal de <a href=\"https:\/\/twitter.com\/hashtag\/Oaxaca?src=hash&amp;ref_src=twsrc%5Etfw\">#Oaxaca<\/a> <a href=\"https:\/\/twitter.com\/oswaldogarciaj?ref_src=twsrc%5Etfw\">@oswaldogarciaj<\/a> y al Sindicato 3 de marzo a que retomen el di\u00e1logo de INMEDIATO para dar pronta soluci\u00f3n al conflicto y a sus demandas, a fin de restablecer el orden y la paz social. La ciudad de <a href=\"https:\/\/twitter.com\/hashtag\/Oaxaca?src=hash&amp;ref_src=twsrc%5Etfw\">#Oaxaca<\/a> no merece esto. <a href=\"https:\/\/t.co\/XJ0WBOZ7Sl\">pic.twitter.com\/XJ0WBOZ7Sl<\/a><\/p>&mdash; Mariana Ben\u00edtez (@marianabenitezt) <a href=\"https:\/\/twitter.com\/marianabenitezt\/status\/1469711007496822790?ref_src=twsrc%5Etfw\">11 de diciembre de 2021<\/a><\/blockquote><\/div>\n<\/div><\/figure>\n","protected":false},"excerpt":{"rendered":"<p>Redacci\u00f3n\/Zona Roja. Oaxaca de Ju\u00e1rez, Oax., 11 de diciembre de 2021.- En el tercer d\u00eda&hellip;<\/p>\n","protected":false},"author":2,"featured_media":35279,"comment_status":"closed","ping_status":"open","sticky":false,"template":"","format":"standard","meta":{"_lmt_disableupdate":"","_lmt_disable":"","_jetpack_memberships_contains_paid_content":false,"footnotes":""},"categories":[109,47],"tags":[2969],"class_list":["post-35278","post","type-post","status-publish","format-standard","has-post-thumbnail","hentry","category-minuto-a-minuto","category-zona-gris","tag-mariana-benitez-tiburcio"],"jetpack_featured_media_url":"https:\/\/zonaroja.com.mx\/wp-content\/uploads\/2021\/12\/Bloqueo-ciudad-de-Oaxaca.jpg","jetpack_sharing_enabled":true,"_links":{"self":[{"href":"https:\/\/zonaroja.com.mx\/index.php?rest_route=\/wp\/v2\/posts\/35278","targetHints":{"allow":["GET"]}}],"collection":[{"href":"https:\/\/zonaroja.com.mx\/index.php?rest_route=\/wp\/v2\/posts"}],"about":[{"href":"https:\/\/zonaroja.com.mx\/index.php?rest_route=\/wp\/v2\/types\/post"}],"author":[{"embeddable":true,"href":"https:\/\/zonaroja.com.mx\/index.php?rest_route=\/wp\/v2\/users\/2"}],"replies":[{"embeddable":true,"href":"https:\/\/zonaroja.com.mx\/index.php?rest_route=%2Fwp%2Fv2%2Fcomments&post=35278"}],"version-history":[{"count":2,"href":"https:\/\/zonaroja.com.mx\/index.php?rest_route=\/wp\/v2\/posts\/35278\/revisions"}],"predecessor-version":[{"id":35286,"href":"https:\/\/zonaroja.com.mx\/index.php?rest_route=\/wp\/v2\/posts\/35278\/revisions\/35286"}],"wp:featuredmedia":[{"embeddable":true,"href":"https:\/\/zonaroja.com.mx\/index.php?rest_route=\/wp\/v2\/media\/35279"}],"wp:attachment":[{"href":"https:\/\/zonaroja.com.mx\/index.php?rest_route=%2Fwp%2Fv2%2Fmedia&parent=35278"}],"wp:term":[{"taxonomy":"category","embeddable":true,"href":"https:\/\/zonaroja.com.mx\/index.php?rest_route=%2Fwp%2Fv2%2Fcategories&post=35278"},{"taxonomy":"post_tag","embeddable":true,"href":"https:\/\/zonaroja.com.mx\/index.php?rest_route=%2Fwp%2Fv2%2Ftags&post=35278"}],"curies":[{"name":"wp","href":"https:\/\/api.w.org\/{rel}","templated":true}]}}