{"id":35281,"date":"2021-12-11T17:40:17","date_gmt":"2021-12-11T23:40:17","guid":{"rendered":"http:\/\/www.zonaroja.com.mx\/?p=35281"},"modified":"2021-12-11T17:40:21","modified_gmt":"2021-12-11T23:40:21","slug":"le-dan-3-anos-de-prision-y-multa-por-89-mil-pesos-a-deudor-alimentario-en-oaxaca","status":"publish","type":"post","link":"https:\/\/zonaroja.com.mx\/?p=35281","title":{"rendered":"Le dan 3 a\u00f1os de prisi\u00f3n y multa por 89 mil pesos a deudor alimentario en Oaxaca"},"content":{"rendered":"\n<p>Redacci\u00f3n\/Zona Roja.<\/p>\n\n\n\n<p>Oaxaca de Ju\u00e1rez, Oax., 11 de diciembre de 2021.- Un Juez de Control del Poder Judicial de Oaxaca emiti\u00f3 sentencia condenatoria en contra de un deudor alimentario y le impuso una pena de prisi\u00f3n por tres a\u00f1os, adem\u00e1s del pago de reparaci\u00f3n del da\u00f1o por m\u00e1s de 89 mil pesos.<\/p>\n\n\n\n<p>La Fiscal\u00eda General del Estado de Oaxaca inform\u00f3 que se trata de la persona del sexo masculino identificada como M. D. A., por su responsabilidad en el incumplimiento de las obligaciones alimentarias en agravio de dos de sus hijas menores de edad, cuya identidad es reservada por ley, cometido en San Juan Bautista Tuxtepec, regi\u00f3n de la Cuenca del Papaloapan.<\/p>\n\n\n\n<p>Indic\u00f3 que, de acuerdo con los hechos asentados en la causa penal 207\/2017, a partir de enero de 2013 y hasta la fecha actual, el responsable no realiz\u00f3 el pago de la pensi\u00f3n alimenticia que el Juez de la causa decret\u00f3 a favor de sus hijas.<\/p>\n\n\n\n<p>Ante estos hechos, la instituci\u00f3n de procuraci\u00f3n de justicia inici\u00f3 las diligencias correspondientes -a trav\u00e9s de la Vicefiscal\u00eda Regional de la Cuenca-, y present\u00f3 al responsable ante el Juez de la causa quien, tras validar los datos probatorios, determin\u00f3 vincularlo a proceso.<\/p>\n\n\n\n<p>En audiencia de procedimiento abreviado, el Juez de Control dict\u00f3 sentencia condenatoria contra M. D. A., imponiendo la pena de tres a\u00f1os de prisi\u00f3n y ordenando el pago de m\u00e1s de 89 mil pesos por concepto de reparaci\u00f3n del da\u00f1o.<\/p>\n","protected":false},"excerpt":{"rendered":"<p>Redacci\u00f3n\/Zona Roja. Oaxaca de Ju\u00e1rez, Oax., 11 de diciembre de 2021.- Un Juez de Control&hellip;<\/p>\n","protected":false},"author":2,"featured_media":29367,"comment_status":"closed","ping_status":"open","sticky":false,"template":"","format":"standard","meta":{"_lmt_disableupdate":"","_lmt_disable":"","_jetpack_memberships_contains_paid_content":false,"footnotes":""},"categories":[109,47],"tags":[2800],"class_list":["post-35281","post","type-post","status-publish","format-standard","has-post-thumbnail","hentry","category-minuto-a-minuto","category-zona-gris","tag-deudores-alimentarios-oaxaca"],"jetpack_featured_media_url":"https:\/\/zonaroja.com.mx\/wp-content\/uploads\/2021\/07\/Deudores-pension-alimenticia-1.jpeg","jetpack_sharing_enabled":true,"_links":{"self":[{"href":"https:\/\/zonaroja.com.mx\/index.php?rest_route=\/wp\/v2\/posts\/35281","targetHints":{"allow":["GET"]}}],"collection":[{"href":"https:\/\/zonaroja.com.mx\/index.php?rest_route=\/wp\/v2\/posts"}],"about":[{"href":"https:\/\/zonaroja.com.mx\/index.php?rest_route=\/wp\/v2\/types\/post"}],"author":[{"embeddable":true,"href":"https:\/\/zonaroja.com.mx\/index.php?rest_route=\/wp\/v2\/users\/2"}],"replies":[{"embeddable":true,"href":"https:\/\/zonaroja.com.mx\/index.php?rest_route=%2Fwp%2Fv2%2Fcomments&post=35281"}],"version-history":[{"count":1,"href":"https:\/\/zonaroja.com.mx\/index.php?rest_route=\/wp\/v2\/posts\/35281\/revisions"}],"predecessor-version":[{"id":35282,"href":"https:\/\/zonaroja.com.mx\/index.php?rest_route=\/wp\/v2\/posts\/35281\/revisions\/35282"}],"wp:featuredmedia":[{"embeddable":true,"href":"https:\/\/zonaroja.com.mx\/index.php?rest_route=\/wp\/v2\/media\/29367"}],"wp:attachment":[{"href":"https:\/\/zonaroja.com.mx\/index.php?rest_route=%2Fwp%2Fv2%2Fmedia&parent=35281"}],"wp:term":[{"taxonomy":"category","embeddable":true,"href":"https:\/\/zonaroja.com.mx\/index.php?rest_route=%2Fwp%2Fv2%2Fcategories&post=35281"},{"taxonomy":"post_tag","embeddable":true,"href":"https:\/\/zonaroja.com.mx\/index.php?rest_route=%2Fwp%2Fv2%2Ftags&post=35281"}],"curies":[{"name":"wp","href":"https:\/\/api.w.org\/{rel}","templated":true}]}}