{"id":35287,"date":"2021-12-11T19:32:58","date_gmt":"2021-12-12T01:32:58","guid":{"rendered":"http:\/\/www.zonaroja.com.mx\/?p=35287"},"modified":"2021-12-11T19:33:03","modified_gmt":"2021-12-12T01:33:03","slug":"demanda-ddhpo-a-la-segego-agilizar-mesas-de-dialogo-en-caso-atatlahuca","status":"publish","type":"post","link":"https:\/\/zonaroja.com.mx\/?p=35287","title":{"rendered":"Demanda DDHPO a la Segego agilizar mesas de di\u00e1logo en caso Atatlahuca"},"content":{"rendered":"\n<p>Yuridiana Sosa\/Zona Roja.<\/p>\n\n\n\n<p>Oaxaca de Ju\u00e1rez, Oax., 11 de diciembre de 2021.- Desde la Defensor\u00eda de Oaxaca el caso de la violencia en San Esteban Atatlahuca, en la regi\u00f3n Mixteca, es atendido para la protecci\u00f3n de derechos humanos desde hace varios meses, pero es indispensable que las mesas de di\u00e1logo se lleven a cabo para la reconstrucci\u00f3n del tejido social, se\u00f1al\u00f3 ombudsman Bernardo Rodr\u00edguez Alamilla.<\/p>\n\n\n\n<p>El presidente de la Defensor\u00eda de los Derechos Humanos del Pueblo de Oaxaca (DDHPO) apunt\u00f3 que han solicitado a la Secretar\u00eda General de Gobierno (Segego) que agilice las mesas de di\u00e1logos entre las autoridades municipales con la poblaci\u00f3n involucrada en el conflicto.<\/p>\n\n\n\n<p>Para la soluci\u00f3n integral de este problema, dijo, tanto es importante ayudar a las v\u00edctimas de desplazamiento como de otros actos, como lo es generar las condiciones para restablecer el tejido social, pues esto permitir\u00e1 que no haya m\u00e1s violencia.<\/p>\n\n\n\n<p>Desde el 2019, en la comunidad ind\u00edgena de Atatlahuca se han desencadenado una serie de hechos violentos por una disputa agraria liderada presuntamente por el Frente de Resistencia Ind\u00edgena de Santiago Juxtlahuaca, el cual ha involucrado a las poblaciones de Guerrero Grande y Ndoyonoyuxi; estos actos han dejado la p\u00e9rdida de vidas humanas, casas incendiadas, desplazamiento y lesionados.<\/p>\n\n\n\n<figure class=\"wp-block-embed is-type-rich is-provider-twitter wp-block-embed-twitter\"><div class=\"wp-block-embed__wrapper\">\n<div class=\"twitter-tweet\"><blockquote class=\"twitter-tweet\" data-lang=\"es\"><p lang=\"es\" dir=\"ltr\">En el caso <a href=\"https:\/\/twitter.com\/hashtag\/Atatlahuca?src=hash&amp;ref_src=twsrc%5Etfw\">#Atatlahuca<\/a>, el presidente de la <a href=\"https:\/\/twitter.com\/DDHPO?ref_src=twsrc%5Etfw\">@DDHPO<\/a>, <a href=\"https:\/\/twitter.com\/DefensorOax?ref_src=twsrc%5Etfw\">@DefensorOax<\/a>, dijo que hay seguimiento puntual a la problem\u00e1tica de violencia en ese municipio e incluso ha acudido a los lugares donde hay conflicto para escuchar directamente a las v\u00edctimas. <a href=\"https:\/\/t.co\/SYSvOzA2RK\">pic.twitter.com\/SYSvOzA2RK<\/a><\/p>&mdash; Zona Roja Oaxaca (@Zona_Roja_Oax) <a href=\"https:\/\/twitter.com\/Zona_Roja_Oax\/status\/1469514488701403137?ref_src=twsrc%5Etfw\">11 de diciembre de 2021<\/a><\/blockquote><\/div>\n<\/div><\/figure>\n\n\n\n<p>Respecto a la violencia de g\u00e9nero contra la s\u00edndica municipal, Maribel Velasco Garc\u00eda, indic\u00f3 que tambi\u00e9n atienden el caso y emitieron medidas cautelares. Sin embargo, la misma afectada denunci\u00f3 de forma p\u00fablica que el gobierno del estado no las ha implementado.<\/p>\n\n\n\n<p>En entrevista, el defensor indic\u00f3 que no acatar estas medidas para la protecci\u00f3n de las mujeres puede constituir en una violencia de derechos humanos.<\/p>\n\n\n\n<p>Esta omisi\u00f3n de las autoridades estatales sobre las medidas cautelares de mujeres no s\u00f3lo se ha presentado por el caso de la funcionaria mixteca, es un problema que se ha repetido en otros casos, reconoci\u00f3 Rodr\u00edguez Alamilla, y por lo que se va a analizar esta situaci\u00f3n.<\/p>\n","protected":false},"excerpt":{"rendered":"<p>Yuridiana Sosa\/Zona Roja. Oaxaca de Ju\u00e1rez, Oax., 11 de diciembre de 2021.- Desde la Defensor\u00eda&hellip;<\/p>\n","protected":false},"author":2,"featured_media":35288,"comment_status":"closed","ping_status":"open","sticky":false,"template":"","format":"standard","meta":{"_lmt_disableupdate":"","_lmt_disable":"","_jetpack_memberships_contains_paid_content":false,"footnotes":""},"categories":[109,46],"tags":[1262],"class_list":["post-35287","post","type-post","status-publish","format-standard","has-post-thumbnail","hentry","category-minuto-a-minuto","category-zona-blanca","tag-bernardo-rodriguez-alamilla"],"jetpack_featured_media_url":"https:\/\/zonaroja.com.mx\/wp-content\/uploads\/2021\/12\/Bernardo-Rodriguez-Alamilla.jpg","jetpack_sharing_enabled":true,"_links":{"self":[{"href":"https:\/\/zonaroja.com.mx\/index.php?rest_route=\/wp\/v2\/posts\/35287","targetHints":{"allow":["GET"]}}],"collection":[{"href":"https:\/\/zonaroja.com.mx\/index.php?rest_route=\/wp\/v2\/posts"}],"about":[{"href":"https:\/\/zonaroja.com.mx\/index.php?rest_route=\/wp\/v2\/types\/post"}],"author":[{"embeddable":true,"href":"https:\/\/zonaroja.com.mx\/index.php?rest_route=\/wp\/v2\/users\/2"}],"replies":[{"embeddable":true,"href":"https:\/\/zonaroja.com.mx\/index.php?rest_route=%2Fwp%2Fv2%2Fcomments&post=35287"}],"version-history":[{"count":1,"href":"https:\/\/zonaroja.com.mx\/index.php?rest_route=\/wp\/v2\/posts\/35287\/revisions"}],"predecessor-version":[{"id":35289,"href":"https:\/\/zonaroja.com.mx\/index.php?rest_route=\/wp\/v2\/posts\/35287\/revisions\/35289"}],"wp:featuredmedia":[{"embeddable":true,"href":"https:\/\/zonaroja.com.mx\/index.php?rest_route=\/wp\/v2\/media\/35288"}],"wp:attachment":[{"href":"https:\/\/zonaroja.com.mx\/index.php?rest_route=%2Fwp%2Fv2%2Fmedia&parent=35287"}],"wp:term":[{"taxonomy":"category","embeddable":true,"href":"https:\/\/zonaroja.com.mx\/index.php?rest_route=%2Fwp%2Fv2%2Fcategories&post=35287"},{"taxonomy":"post_tag","embeddable":true,"href":"https:\/\/zonaroja.com.mx\/index.php?rest_route=%2Fwp%2Fv2%2Ftags&post=35287"}],"curies":[{"name":"wp","href":"https:\/\/api.w.org\/{rel}","templated":true}]}}