{"id":3529,"date":"2019-08-30T08:39:25","date_gmt":"2019-08-30T13:39:25","guid":{"rendered":"http:\/\/www.zonaroja.com.mx\/?p=3529"},"modified":"2019-08-30T08:39:28","modified_gmt":"2019-08-30T13:39:28","slug":"exige-congreso-a-fiscalia-indagar-y-castigar-asesinatos-y-agresiones-a-periodistas","status":"publish","type":"post","link":"https:\/\/zonaroja.com.mx\/?p=3529","title":{"rendered":"Exige Congreso a Fiscal\u00eda indagar y castigar asesinatos y agresiones a periodistas"},"content":{"rendered":"\n<p>Ismael\nGarc\u00eda M.\/Zona Roja.<\/p>\n\n\n\n<p>Oaxaca de\nJu\u00e1rez, Oax., 30 de agosto de 2019.- La 64 Legislatura del Congreso de Oaxaca\naprob\u00f3 un Punto de Acuerdo para exhortar a la Fiscal\u00eda General del Estado y al\ntitular del Poder Ejecutivo a investigar y sancionar las agresiones a\nperiodistas en la entidad.<\/p>\n\n\n\n<p>En\nparticular, el caso del comunicador &nbsp;y\nactivista Tel\u00e9sforo Santiago Enr\u00edquez, asesinado el 2 de mayo en San Agust\u00edn\nLoxicha.<\/p>\n\n\n\n<p>\u201cLa falta de\ninvestigaci\u00f3n adecuada implica la impunidad sobre los casos, y ello permite que\nm\u00e1s cr\u00edmenes de este tipo vuelvan a perpetrarse. El presente Punto de Acuerdo\npide exhortar a las autoridades competentes en dos sentidos: garantizar la\ninvestigaci\u00f3n y proteger a las personas en riesgo\u201d, plante\u00f3 la legisladora por\nMorena, Magaly L\u00f3pez Dom\u00ednguez.<\/p>\n\n\n\n<p>El Punto de Acuerdo\naprobado el pasado mi\u00e9rcoles durante la sesi\u00f3n ordinaria, demanda a la Fiscal\u00eda\nGeneral del Estado:<\/p>\n\n\n\n<p>\u201cCumplir con\nsu obligaci\u00f3n de actuar con la debida diligencia en torno al homicidio del\ncomunicador, consider\u00e1ndolo periodista y defensor de derechos humanos, y\nabordando de manera profunda la posibilidad de que el ataque haya sido\nrepresalia a esas tareas, con el fin de que ese crimen no quede en la impunidad\u201d.<\/p>\n\n\n\n<p>En tanto al Poder\nEjecutivo del Estado que encabeza Alejandro Murat exhorta para que instruya a\ntodas sus dependencias que sean pertinentes a fin de garantizar la integridad,\nla vida y la libertad de expresi\u00f3n de las y los comunicadores comunitarios del\nestado de Oaxaca que puedan estar en riesgo por el ejercicio de su libertad de\nexpresi\u00f3n, \u201ccoordin\u00e1ndose para ello de manera efectiva con las propias personas\nen riesgo\u201d.<\/p>\n\n\n\n<p>El diputado\ny presidente de la Mesa Directiva de la 64 Legislatura, C\u00e9sar Morales Ni\u00f1o,\ntambi\u00e9n present\u00f3 una propuesta similar, que se uni\u00f3 a la de Magaly L\u00f3pez\nDom\u00ednguez &nbsp;y ambas fueron analizadas en\nun solo dictamen.<\/p>\n","protected":false},"excerpt":{"rendered":"<p>Ismael Garc\u00eda M.\/Zona Roja. Oaxaca de Ju\u00e1rez, Oax., 30 de agosto de 2019.- La 64&hellip;<\/p>\n","protected":false},"author":2,"featured_media":3422,"comment_status":"closed","ping_status":"open","sticky":false,"template":"","format":"standard","meta":{"_lmt_disableupdate":"","_lmt_disable":"","_jetpack_memberships_contains_paid_content":false,"footnotes":""},"categories":[109,47],"tags":[641,494],"class_list":["post-3529","post","type-post","status-publish","format-standard","has-post-thumbnail","hentry","category-minuto-a-minuto","category-zona-gris","tag-agresiones-a-periodistas-oaxaca","tag-fiscalia-general-del-estado-de-oaxaca"],"jetpack_featured_media_url":"https:\/\/zonaroja.com.mx\/wp-content\/uploads\/2019\/08\/IMG_1581.jpg","jetpack_sharing_enabled":true,"_links":{"self":[{"href":"https:\/\/zonaroja.com.mx\/index.php?rest_route=\/wp\/v2\/posts\/3529","targetHints":{"allow":["GET"]}}],"collection":[{"href":"https:\/\/zonaroja.com.mx\/index.php?rest_route=\/wp\/v2\/posts"}],"about":[{"href":"https:\/\/zonaroja.com.mx\/index.php?rest_route=\/wp\/v2\/types\/post"}],"author":[{"embeddable":true,"href":"https:\/\/zonaroja.com.mx\/index.php?rest_route=\/wp\/v2\/users\/2"}],"replies":[{"embeddable":true,"href":"https:\/\/zonaroja.com.mx\/index.php?rest_route=%2Fwp%2Fv2%2Fcomments&post=3529"}],"version-history":[{"count":1,"href":"https:\/\/zonaroja.com.mx\/index.php?rest_route=\/wp\/v2\/posts\/3529\/revisions"}],"predecessor-version":[{"id":3530,"href":"https:\/\/zonaroja.com.mx\/index.php?rest_route=\/wp\/v2\/posts\/3529\/revisions\/3530"}],"wp:featuredmedia":[{"embeddable":true,"href":"https:\/\/zonaroja.com.mx\/index.php?rest_route=\/wp\/v2\/media\/3422"}],"wp:attachment":[{"href":"https:\/\/zonaroja.com.mx\/index.php?rest_route=%2Fwp%2Fv2%2Fmedia&parent=3529"}],"wp:term":[{"taxonomy":"category","embeddable":true,"href":"https:\/\/zonaroja.com.mx\/index.php?rest_route=%2Fwp%2Fv2%2Fcategories&post=3529"},{"taxonomy":"post_tag","embeddable":true,"href":"https:\/\/zonaroja.com.mx\/index.php?rest_route=%2Fwp%2Fv2%2Ftags&post=3529"}],"curies":[{"name":"wp","href":"https:\/\/api.w.org\/{rel}","templated":true}]}}