{"id":35298,"date":"2021-12-12T07:40:57","date_gmt":"2021-12-12T13:40:57","guid":{"rendered":"http:\/\/www.zonaroja.com.mx\/?p=35298"},"modified":"2021-12-12T07:41:01","modified_gmt":"2021-12-12T13:41:01","slug":"denuncian-a-otro-funcionario-del-gobierno-de-oaxaca-de-acosador-sexual","status":"publish","type":"post","link":"https:\/\/zonaroja.com.mx\/?p=35298","title":{"rendered":"Denuncian a otro funcionario del gobierno de Oaxaca de acosador sexual"},"content":{"rendered":"\n<p>Redacci\u00f3n\/Zona Roja.<\/p>\n\n\n\n<p>Oaxaca de Ju\u00e1rez, Oax., 12 de diciembre de 2021.- Tras la separaci\u00f3n del cargo de David \u00cdndico Cruz L\u00f3pez de la Comisi\u00f3n Estatal de Vivienda de Oaxaca, por presunto acoso sexual, v\u00edctimas denunciaron un nuevo caso en el Gobierno del Estado.<\/p>\n\n\n\n<p>Se trata de Gerardo Velasco Cruz, quien se neg\u00f3 a firmar su renuncia como subsecretario de Contralor\u00eda Social y Transparencia Gubernamental, pese a la desaparici\u00f3n del \u00e1rea, dependiente de la Secretar\u00eda de la Contralor\u00eda.<\/p>\n\n\n\n<p>De acuerdo con denuncias de mujeres que piden el anonimato, desde que era director del Instituto de la Juventud del Estado de Oaxaca, Velasco Cruz cometi\u00f3 diversos excesos, como el despilfarro de recursos p\u00fablicos, esc\u00e1ndalos, violencia y el acoso a mujeres trabajadoras.<\/p>\n\n\n\n<p>Una de las v\u00edctimas relata que en la celebraci\u00f3n del Encuentro de la Comisi\u00f3n de Contralores de M\u00e9xico, en junio, y en la clausura de dicho evento en un conocido restaurante de la colonia Reforma, despu\u00e9s de beber en exceso, aprovech\u00f3 para tocar y acosar a una de las asistentes que labora en la Contralor\u00eda, hecho que indigno y molesto a los colaboradores de dicha dependencia.<\/p>\n\n\n\n<p>En el mes de octubre pasado, Velasco Cruz fue separado de su cargo bajo el decreto publicado en el Peri\u00f3dico Oficial del Estado, con base en los ajustes presupuestales, pero se neg\u00f3 a firmar su renuncia ya que argumenta ser \u00edntimo amigo cercano al gobernador y su esposa.<\/p>\n\n\n\n<p>\u201cNo podemos seguir tolerado a funcionarios p\u00fablicos que apoyen las pr\u00e1cticas patriarcales.<\/p>\n\n\n\n<p>\u201cComo presidente del Colegio de Administradores sede Oaxaca y catedr\u00e1tico de la UABJO, es un peligro para todas, ya que convive con alumnas y catedr\u00e1ticas y suele abusar de su figura para atentar contra la integridad f\u00edsica y emocional de las mujeres\u201d, refiere la denuncia an\u00f3nima; las v\u00edctimas preparan las denuncias formales ante el Ministerio P\u00fablico.<\/p>\n","protected":false},"excerpt":{"rendered":"<p>Redacci\u00f3n\/Zona Roja. Oaxaca de Ju\u00e1rez, Oax., 12 de diciembre de 2021.- Tras la separaci\u00f3n del&hellip;<\/p>\n","protected":false},"author":2,"featured_media":35299,"comment_status":"closed","ping_status":"open","sticky":false,"template":"","format":"standard","meta":{"_lmt_disableupdate":"","_lmt_disable":"","_jetpack_memberships_contains_paid_content":false,"footnotes":""},"categories":[109,47],"tags":[],"class_list":["post-35298","post","type-post","status-publish","format-standard","has-post-thumbnail","hentry","category-minuto-a-minuto","category-zona-gris"],"jetpack_featured_media_url":"https:\/\/zonaroja.com.mx\/wp-content\/uploads\/2021\/12\/Gerardo-Velasco-Cruz.jpg","jetpack_sharing_enabled":true,"_links":{"self":[{"href":"https:\/\/zonaroja.com.mx\/index.php?rest_route=\/wp\/v2\/posts\/35298","targetHints":{"allow":["GET"]}}],"collection":[{"href":"https:\/\/zonaroja.com.mx\/index.php?rest_route=\/wp\/v2\/posts"}],"about":[{"href":"https:\/\/zonaroja.com.mx\/index.php?rest_route=\/wp\/v2\/types\/post"}],"author":[{"embeddable":true,"href":"https:\/\/zonaroja.com.mx\/index.php?rest_route=\/wp\/v2\/users\/2"}],"replies":[{"embeddable":true,"href":"https:\/\/zonaroja.com.mx\/index.php?rest_route=%2Fwp%2Fv2%2Fcomments&post=35298"}],"version-history":[{"count":1,"href":"https:\/\/zonaroja.com.mx\/index.php?rest_route=\/wp\/v2\/posts\/35298\/revisions"}],"predecessor-version":[{"id":35300,"href":"https:\/\/zonaroja.com.mx\/index.php?rest_route=\/wp\/v2\/posts\/35298\/revisions\/35300"}],"wp:featuredmedia":[{"embeddable":true,"href":"https:\/\/zonaroja.com.mx\/index.php?rest_route=\/wp\/v2\/media\/35299"}],"wp:attachment":[{"href":"https:\/\/zonaroja.com.mx\/index.php?rest_route=%2Fwp%2Fv2%2Fmedia&parent=35298"}],"wp:term":[{"taxonomy":"category","embeddable":true,"href":"https:\/\/zonaroja.com.mx\/index.php?rest_route=%2Fwp%2Fv2%2Fcategories&post=35298"},{"taxonomy":"post_tag","embeddable":true,"href":"https:\/\/zonaroja.com.mx\/index.php?rest_route=%2Fwp%2Fv2%2Ftags&post=35298"}],"curies":[{"name":"wp","href":"https:\/\/api.w.org\/{rel}","templated":true}]}}