{"id":35301,"date":"2021-12-12T07:49:39","date_gmt":"2021-12-12T13:49:39","guid":{"rendered":"http:\/\/www.zonaroja.com.mx\/?p=35301"},"modified":"2021-12-12T07:49:41","modified_gmt":"2021-12-12T13:49:41","slug":"se-suma-poder-judicial-a-pacto-nacional-por-una-justicia-abierta-con-perspectiva-de-genero","status":"publish","type":"post","link":"https:\/\/zonaroja.com.mx\/?p=35301","title":{"rendered":"Se suma Poder Judicial a Pacto Nacional por una Justicia Abierta con Perspectiva de G\u00e9nero"},"content":{"rendered":"\n<p>Redacci\u00f3n\/Zona Roja.<\/p>\n\n\n\n<p>Oaxaca de Ju\u00e1rez, Oax., 12 de diciembre de 2021.- Como parte de las acciones encaminadas a impulsar pol\u00edticas p\u00fablicas y acciones que garanticen la transparencia, el derecho a la informaci\u00f3n y el acceso a una justicia igualitaria, el Poder Judicial del Estado, que preside el magistrado Eduardo Pinacho S\u00e1nchez, se sum\u00f3 al Pacto Nacional por una Justicia Abierta con Perspectiva de G\u00e9nero en M\u00e9xico.<\/p>\n\n\n\n<p>A trav\u00e9s de siete estrategias y 20 acciones, la iniciativa impulsada por la organizaci\u00f3n Equis Justicia para las Mujeres, supervisar\u00e1 la labor de los poderes judiciales del pa\u00eds respecto a la generaci\u00f3n de una justicia centrada en la igualdad y no discriminaci\u00f3n, siendo Oaxaca de los primeros estados en adherirse y pronunciarse a favor de la promoci\u00f3n de modelos de justicia incluyentes, basados en la democracia y participaci\u00f3n ciudadana.<\/p>\n\n\n\n<p>Al respecto, el magistrado Eduardo Pinacho manifest\u00f3 el compromiso de dar a conocer las acciones que realiza la instituci\u00f3n a nivel jurisdiccional, administrativo y de vinculaci\u00f3n con la sociedad, as\u00ed como de garantizar datos y sentencias accesibles, estad\u00edsticas transparentes y fomentar el trabajo coordinado con la academia y sociedad civil para mejorar las potencialidades en temas de g\u00e9nero, transparencia y respeto a los derechos humanos.<\/p>\n\n\n\n<p>\u201cEn coordinaci\u00f3n con instituciones acad\u00e9micas, asociaciones de la sociedad civil organizada, la Asociaci\u00f3n Mexicana de Impartidores de Justicia, \u00f3rganos de Transparencia y otras instituciones gubernamentales, en el Poder Judicial aspiramos a construir una justicia humana, eficiente y transparente para las ni\u00f1as, ni\u00f1os y adolescentes, mujeres, personas con discapacidad, as\u00ed como los pueblos y comunidades ind\u00edgenas y afrodescendientes\u201d, dijo.<\/p>\n\n\n\n<p>Por su parte, en entrevista, el magistrado integrante de la Sala Familiar del Tribunal Superior de Justicia y presidente suplente del Comit\u00e9 de Transparencia, Jos\u00e9 Luis Reyes Hern\u00e1ndez, destac\u00f3 que el Poder Judicial es una de las instituciones a nivel nacional con mayor n\u00famero de versiones p\u00fablicas emitidas.<\/p>\n\n\n\n<p>Asimismo, explic\u00f3 que al adherirse al Pacto, dentro de las l\u00edneas de acci\u00f3n, se fortalecen estrategias como las \u00f3rdenes de protecci\u00f3n, las funciones del Consejo Ciudadano, transparencia de la actividad jurisdiccional que implique versiones p\u00fablicas y el buscador de versiones p\u00fablicas de sentencias, entre otras.<\/p>\n\n\n\n<p>\u201cCon la observaci\u00f3n de la sociedad civil nosotros podremos perfeccionar los instrumentos que est\u00e1n al alcance de cualquier persona y ser evaluados en nuestra actividad, cambiando el paradigma de que el Poder Judicial es una instituci\u00f3n cerrada y que no emite sentencias accesibles o de lectura comprensible\u201d, expres\u00f3.<\/p>\n\n\n\n<p>El Pacto es respaldado tambi\u00e9n por organizaciones feministas, ind\u00edgenas y de derechos humanos, instituciones acad\u00e9micas y de gobierno.<\/p>\n","protected":false},"excerpt":{"rendered":"<p>Redacci\u00f3n\/Zona Roja. Oaxaca de Ju\u00e1rez, Oax., 12 de diciembre de 2021.- Como parte de las&hellip;<\/p>\n","protected":false},"author":2,"featured_media":35302,"comment_status":"closed","ping_status":"open","sticky":false,"template":"","format":"standard","meta":{"_lmt_disableupdate":"","_lmt_disable":"","_jetpack_memberships_contains_paid_content":false,"footnotes":""},"categories":[109,46],"tags":[1225],"class_list":["post-35301","post","type-post","status-publish","format-standard","has-post-thumbnail","hentry","category-minuto-a-minuto","category-zona-blanca","tag-eduardo-pinacho-sanchez"],"jetpack_featured_media_url":"https:\/\/zonaroja.com.mx\/wp-content\/uploads\/2021\/12\/Magistrado-Eduardo-Pinacho-Sanchez.jpg","jetpack_sharing_enabled":true,"_links":{"self":[{"href":"https:\/\/zonaroja.com.mx\/index.php?rest_route=\/wp\/v2\/posts\/35301","targetHints":{"allow":["GET"]}}],"collection":[{"href":"https:\/\/zonaroja.com.mx\/index.php?rest_route=\/wp\/v2\/posts"}],"about":[{"href":"https:\/\/zonaroja.com.mx\/index.php?rest_route=\/wp\/v2\/types\/post"}],"author":[{"embeddable":true,"href":"https:\/\/zonaroja.com.mx\/index.php?rest_route=\/wp\/v2\/users\/2"}],"replies":[{"embeddable":true,"href":"https:\/\/zonaroja.com.mx\/index.php?rest_route=%2Fwp%2Fv2%2Fcomments&post=35301"}],"version-history":[{"count":1,"href":"https:\/\/zonaroja.com.mx\/index.php?rest_route=\/wp\/v2\/posts\/35301\/revisions"}],"predecessor-version":[{"id":35303,"href":"https:\/\/zonaroja.com.mx\/index.php?rest_route=\/wp\/v2\/posts\/35301\/revisions\/35303"}],"wp:featuredmedia":[{"embeddable":true,"href":"https:\/\/zonaroja.com.mx\/index.php?rest_route=\/wp\/v2\/media\/35302"}],"wp:attachment":[{"href":"https:\/\/zonaroja.com.mx\/index.php?rest_route=%2Fwp%2Fv2%2Fmedia&parent=35301"}],"wp:term":[{"taxonomy":"category","embeddable":true,"href":"https:\/\/zonaroja.com.mx\/index.php?rest_route=%2Fwp%2Fv2%2Fcategories&post=35301"},{"taxonomy":"post_tag","embeddable":true,"href":"https:\/\/zonaroja.com.mx\/index.php?rest_route=%2Fwp%2Fv2%2Ftags&post=35301"}],"curies":[{"name":"wp","href":"https:\/\/api.w.org\/{rel}","templated":true}]}}