{"id":35304,"date":"2021-12-12T07:57:37","date_gmt":"2021-12-12T13:57:37","guid":{"rendered":"http:\/\/www.zonaroja.com.mx\/?p=35304"},"modified":"2021-12-12T07:57:40","modified_gmt":"2021-12-12T13:57:40","slug":"ex-funcionario-del-congreso-de-oaxaca-deudor-alimentario-enfrenta-denuncia","status":"publish","type":"post","link":"https:\/\/zonaroja.com.mx\/?p=35304","title":{"rendered":"Ex funcionario del Congreso de Oaxaca, deudor alimentario, enfrenta denuncia"},"content":{"rendered":"\n<p>Yuridiana Sosa\/Zona Roja.<\/p>\n\n\n\n<p>Oaxaca de Ju\u00e1rez, Oax., 9 de diciembre de 2021.- \u201cTe pido pares las violencias que ejerces en mi contra desde hace un a\u00f1o que inicie el proceso de denuncia\u201d, es el mensaje urgente de Alma Bautista Ramos, ex pareja y madre de la hija del ex funcionario del Congreso de Oaxaca, Alejandro Facio Mart\u00ednez.<\/p>\n\n\n\n<p>El ex contralor en la 63 Legislatura de Oaxaca, ex representante del PAN ante el IEEPCO y abogado, cuenta con denuncias ante la Fiscal\u00eda General de Oaxaca para que proporcione pensi\u00f3n alimenticia a su hija al negarse a darla de forma voluntaria y por violentar a su ex pareja luego que ella inici\u00f3 este proceso hace un a\u00f1o.<\/p>\n\n\n\n<p>Las constantes agresiones y su situaci\u00f3n actual fueron expuestas por Alma Bautista, abogada y promotora de los derechos de las mujeres, por medio de una video carta titulada \u201cEl camino de violencia que recorre una madre que decide demandar\u201d.<\/p>\n\n\n\n<p>Cansada, harta y enferma de un largo proceso, la activista en redes sociales indic\u00f3 que busc\u00f3 esta forma de comunicaci\u00f3n ante el bloqueo que Facio Mart\u00ednez le impone para comunicarse con \u00e9l.<\/p>\n\n\n\n<p>El caso de Alejandro Facio Mart\u00ednez como deudor alimentario se hab\u00eda expuesto por medio de un \u201ctendedero\u201d que colectivos feministas emprenden desde junio, sin embargo ante la escalada de la violencia de su parte, Alma Bautista alz\u00f3 la voz.<\/p>\n\n\n\n<p>Con relaci\u00f3n a la pensi\u00f3n alimenticia, el ex funcionario se excus\u00f3 en que puede pagar porque no cuenta con empleo, as\u00ed ha incumplido con las convivencias que se comprometi\u00f3 realizar en una audiencia.<\/p>\n\n\n\n<p>Mientras que para Alma Bautista fue necesario la emisi\u00f3n de medidas cautelares para salvaguardar su integridad, pero al no poder acercarse a ella, Facio Mart\u00ednez traslad\u00f3 su violencia a su centro de trabajo, del que pide una sanci\u00f3n como servidora p\u00fablica.<\/p>\n\n\n\n<p>\u201cTrabajar en el \u00e1mbito p\u00fablico no me quita el derecho de demandar como madre y como personas\u2026 pides me sancionen por haber expuesto lo que vivo, y buscas que se me destituyan de mi cargo y eso es reprimirme. Se traduce en tratar de silenciar mi voz\u201d, sostuvo la madre.<\/p>\n\n\n\n<p>La defensora apunta que deja en manos de la justicia el proceso, pero, afirm\u00f3: \u201cMe niego a ser una v\u00edctima m\u00e1s, me niego a que mi hija forme parte de las estad\u00edsticas de ni\u00f1as y ni\u00f1os que est\u00e1n en el abandono y cuyos padres jam\u00e1s han cumplido\u201d.<\/p>\n","protected":false},"excerpt":{"rendered":"<p>Yuridiana Sosa\/Zona Roja. Oaxaca de Ju\u00e1rez, Oax., 9 de diciembre de 2021.- \u201cTe pido pares&hellip;<\/p>\n","protected":false},"author":2,"featured_media":35305,"comment_status":"closed","ping_status":"open","sticky":false,"template":"","format":"standard","meta":{"_lmt_disableupdate":"","_lmt_disable":"","_jetpack_memberships_contains_paid_content":false,"footnotes":""},"categories":[109,47],"tags":[2971],"class_list":["post-35304","post","type-post","status-publish","format-standard","has-post-thumbnail","hentry","category-minuto-a-minuto","category-zona-gris","tag-alejandro-facio-martinez"],"jetpack_featured_media_url":"https:\/\/zonaroja.com.mx\/wp-content\/uploads\/2021\/12\/Alejandro-Facio-Martinez.jpg","jetpack_sharing_enabled":true,"_links":{"self":[{"href":"https:\/\/zonaroja.com.mx\/index.php?rest_route=\/wp\/v2\/posts\/35304","targetHints":{"allow":["GET"]}}],"collection":[{"href":"https:\/\/zonaroja.com.mx\/index.php?rest_route=\/wp\/v2\/posts"}],"about":[{"href":"https:\/\/zonaroja.com.mx\/index.php?rest_route=\/wp\/v2\/types\/post"}],"author":[{"embeddable":true,"href":"https:\/\/zonaroja.com.mx\/index.php?rest_route=\/wp\/v2\/users\/2"}],"replies":[{"embeddable":true,"href":"https:\/\/zonaroja.com.mx\/index.php?rest_route=%2Fwp%2Fv2%2Fcomments&post=35304"}],"version-history":[{"count":1,"href":"https:\/\/zonaroja.com.mx\/index.php?rest_route=\/wp\/v2\/posts\/35304\/revisions"}],"predecessor-version":[{"id":35306,"href":"https:\/\/zonaroja.com.mx\/index.php?rest_route=\/wp\/v2\/posts\/35304\/revisions\/35306"}],"wp:featuredmedia":[{"embeddable":true,"href":"https:\/\/zonaroja.com.mx\/index.php?rest_route=\/wp\/v2\/media\/35305"}],"wp:attachment":[{"href":"https:\/\/zonaroja.com.mx\/index.php?rest_route=%2Fwp%2Fv2%2Fmedia&parent=35304"}],"wp:term":[{"taxonomy":"category","embeddable":true,"href":"https:\/\/zonaroja.com.mx\/index.php?rest_route=%2Fwp%2Fv2%2Fcategories&post=35304"},{"taxonomy":"post_tag","embeddable":true,"href":"https:\/\/zonaroja.com.mx\/index.php?rest_route=%2Fwp%2Fv2%2Ftags&post=35304"}],"curies":[{"name":"wp","href":"https:\/\/api.w.org\/{rel}","templated":true}]}}