{"id":35317,"date":"2021-12-12T19:47:56","date_gmt":"2021-12-13T01:47:56","guid":{"rendered":"http:\/\/www.zonaroja.com.mx\/?p=35317"},"modified":"2021-12-12T19:49:10","modified_gmt":"2021-12-13T01:49:10","slug":"afirma-murat-su-institucionalidad-con-el-pri-mitofsky-lo-destaca-a-nivel-nacional","status":"publish","type":"post","link":"https:\/\/zonaroja.com.mx\/?p=35317","title":{"rendered":"Afirma Murat su institucionalidad con el PRI; Mitofsky lo destaca a nivel nacional"},"content":{"rendered":"\n<p>Redacci\u00f3n\/Zona Roja.<\/p>\n\n\n\n<p>Oaxaca de Ju\u00e1rez, Oax., 12 de diciembre de 2021.- La casa encuestadora Mitofsky, situ\u00f3 a Alejandro Murat Hinojosa como el segundo mejor gobernador en el pa\u00eds, en su medici\u00f3n del mes de noviembre, con un 53.6% de evaluaci\u00f3n.<\/p>\n\n\n\n<p>El mandatario de Oaxaca s\u00f3lo es superado por Miguel Riquelme, de Coahuila, con un 69.5 por ciento; en tercer lugar se sit\u00faa Omar Fayad, de Hidalgo, con 50.7 por ciento de aprobaci\u00f3n.<\/p>\n\n\n\n<p>Tanto Murat como Fayad fueron entrevistados ayer por medios informativos nacionales, tras la realizaci\u00f3n de la XXIII Asamblea Nacional del Partido Revolucionario Institucional, en que reiteraron su lealtad al PRI y rechazaron que dar\u00e1n la plaza a Morena.<\/p>\n\n\n\n<p>Asimismo, coincidieron en declarar que son pol\u00edticos institucionales, y por ello, su cercan\u00eda con el presidente Andr\u00e9s Manuel L\u00f3pez Obrador.<\/p>\n\n\n\n<p>El gobernador de Oaxaca, Alejandro Murat Hinojosa, neg\u00f3 que operar\u00e1 en la pr\u00f3xima elecci\u00f3n en su estado, al ser un acto ilegal. El pol\u00edtico oaxaque\u00f1o manifest\u00f3 su lealtad al priismo.<\/p>\n\n\n\n<p>\u201cUno es leal cuando hace un buen gobierno, no hay que confundirse, operar es violar la ley. Yo soy leal a mi partido haciendo un gobierno que d\u00e9 resultados. Ah\u00ed es donde nosotros presentamos argumentos ante la sociedad\u201d, declar\u00f3, de acuerdo con informaci\u00f3n publicada por el diario \u201cExc\u00e9lsior\u201d.<\/p>\n\n\n\n<p>Omar Fayad, gobernador de Hidalgo, neg\u00f3 tener un acuerdo con el gobierno federal para operar en favor de Morena y sumarse al cuerpo de embajadores de la Cuarta Transformaci\u00f3n.<\/p>\n\n\n\n<p>En su lugar, destac\u00f3 que \u00e9l mantiene una buena relaci\u00f3n con el presidente L\u00f3pez Obrador y con cualquier gobierno.<\/p>\n\n\n\n<p>\u201cYo creo que mi cercan\u00eda ha sido con las instituciones, con el presidente de la Rep\u00fablica, con su equipo en una relaci\u00f3n de mucho respeto, de gran coordinaci\u00f3n, en la que yo adem\u00e1s le agradezco que exista afecto, amistad y consideraci\u00f3n\u201d, respondi\u00f3 a \u201cExc\u00e9lsior\u201d.<\/p>\n\n\n\n<figure class=\"wp-block-image size-large\"><img decoding=\"async\" width=\"1280\" height=\"967\" src=\"https:\/\/www.zonaroja.com.mx\/wp-content\/uploads\/2021\/12\/66c40c5f-e14d-4fdb-aa6a-ceaa9c7b5461.jpg\" alt=\"\" class=\"wp-image-35320\" srcset=\"https:\/\/zonaroja.com.mx\/wp-content\/uploads\/2021\/12\/66c40c5f-e14d-4fdb-aa6a-ceaa9c7b5461.jpg 1280w, https:\/\/zonaroja.com.mx\/wp-content\/uploads\/2021\/12\/66c40c5f-e14d-4fdb-aa6a-ceaa9c7b5461-300x227.jpg 300w, https:\/\/zonaroja.com.mx\/wp-content\/uploads\/2021\/12\/66c40c5f-e14d-4fdb-aa6a-ceaa9c7b5461-1024x774.jpg 1024w, https:\/\/zonaroja.com.mx\/wp-content\/uploads\/2021\/12\/66c40c5f-e14d-4fdb-aa6a-ceaa9c7b5461-768x580.jpg 768w, https:\/\/zonaroja.com.mx\/wp-content\/uploads\/2021\/12\/66c40c5f-e14d-4fdb-aa6a-ceaa9c7b5461-1170x884.jpg 1170w, https:\/\/zonaroja.com.mx\/wp-content\/uploads\/2021\/12\/66c40c5f-e14d-4fdb-aa6a-ceaa9c7b5461-585x442.jpg 585w\" sizes=\"(max-width: 1280px) 100vw, 1280px\" \/><\/figure>\n","protected":false},"excerpt":{"rendered":"<p>Redacci\u00f3n\/Zona Roja. Oaxaca de Ju\u00e1rez, Oax., 12 de diciembre de 2021.- La casa encuestadora Mitofsky,&hellip;<\/p>\n","protected":false},"author":2,"featured_media":35318,"comment_status":"closed","ping_status":"open","sticky":false,"template":"","format":"standard","meta":{"_lmt_disableupdate":"","_lmt_disable":"","_jetpack_memberships_contains_paid_content":false,"footnotes":""},"categories":[109,46],"tags":[173],"class_list":["post-35317","post","type-post","status-publish","format-standard","has-post-thumbnail","hentry","category-minuto-a-minuto","category-zona-blanca","tag-alejandro-murat-hinojosa"],"jetpack_featured_media_url":"https:\/\/zonaroja.com.mx\/wp-content\/uploads\/2021\/12\/Alejandro-Murat-asamblea-PRI.jpg","jetpack_sharing_enabled":true,"_links":{"self":[{"href":"https:\/\/zonaroja.com.mx\/index.php?rest_route=\/wp\/v2\/posts\/35317","targetHints":{"allow":["GET"]}}],"collection":[{"href":"https:\/\/zonaroja.com.mx\/index.php?rest_route=\/wp\/v2\/posts"}],"about":[{"href":"https:\/\/zonaroja.com.mx\/index.php?rest_route=\/wp\/v2\/types\/post"}],"author":[{"embeddable":true,"href":"https:\/\/zonaroja.com.mx\/index.php?rest_route=\/wp\/v2\/users\/2"}],"replies":[{"embeddable":true,"href":"https:\/\/zonaroja.com.mx\/index.php?rest_route=%2Fwp%2Fv2%2Fcomments&post=35317"}],"version-history":[{"count":2,"href":"https:\/\/zonaroja.com.mx\/index.php?rest_route=\/wp\/v2\/posts\/35317\/revisions"}],"predecessor-version":[{"id":35321,"href":"https:\/\/zonaroja.com.mx\/index.php?rest_route=\/wp\/v2\/posts\/35317\/revisions\/35321"}],"wp:featuredmedia":[{"embeddable":true,"href":"https:\/\/zonaroja.com.mx\/index.php?rest_route=\/wp\/v2\/media\/35318"}],"wp:attachment":[{"href":"https:\/\/zonaroja.com.mx\/index.php?rest_route=%2Fwp%2Fv2%2Fmedia&parent=35317"}],"wp:term":[{"taxonomy":"category","embeddable":true,"href":"https:\/\/zonaroja.com.mx\/index.php?rest_route=%2Fwp%2Fv2%2Fcategories&post=35317"},{"taxonomy":"post_tag","embeddable":true,"href":"https:\/\/zonaroja.com.mx\/index.php?rest_route=%2Fwp%2Fv2%2Ftags&post=35317"}],"curies":[{"name":"wp","href":"https:\/\/api.w.org\/{rel}","templated":true}]}}