{"id":3532,"date":"2019-08-30T10:04:17","date_gmt":"2019-08-30T15:04:17","guid":{"rendered":"https:\/\/www.zonaroja.com.mx\/?p=3532"},"modified":"2019-08-30T15:02:54","modified_gmt":"2019-08-30T20:02:54","slug":"mortal-epidemia-de-dengue-en-tapanatepec-muere-menor-de-edad-denuncian","status":"publish","type":"post","link":"https:\/\/zonaroja.com.mx\/?p=3532","title":{"rendered":"Mortal epidemia de dengue en Tapanatepec; muere menor de edad, denuncian"},"content":{"rendered":"\n<p>Redacci\u00f3n\/Zona Roja.<br><br>Oaxaca de Ju\u00e1rez, Oax., 30 de agosto de 2019.- Habitantes de San Pedro Tapanatepec, regi\u00f3n del Istmo de Oaxaca, denunciaron un brote de dengue hemorr\u00e1gico en la localidad, el cual aseguran esta afectando en su mayor\u00eda a menores de edad, al punto que ya cobr\u00f3 la primera v\u00edctima mortal en d\u00edas pasados. <br>As\u00ed lo dio a conocer V\u00edctor Hugo Ricoy Puerto mediante un video de poco m\u00e1s de un minuto, que difundi\u00f3 en las redes sociales, en el que expresa su consternaci\u00f3n por la situaci\u00f3n que se vive en la localidad por el registro de casos y la escasa atenci\u00f3n de las autoridades. <br>\u201cHoy, consternado, en compa\u00f1\u00eda de mi familia, suplicamos la intervenci\u00f3n de las autoridades competentes para evitar m\u00e1s muertes por el dengue hemorr\u00e1gico\u201d asegura mientras las im\u00e1genes muestran el sepelio de la primera v\u00edctima mortal de la enfermedad que se trasmite por la picadura del mosquito \u201cAedes Aegypti\u201d.<br>Ricoy Puerto explic\u00f3 que en estos momentos el hospital de la localidad se encuentra lleno de ni\u00f1os enfermos a la par que denunci\u00f3 la falta de atenci\u00f3n por parte de las autoridades estatales en materia de salud, quienes no han hecho caso al llamado de la ciudadan\u00eda, <br>\u201cHoy nuestro hospital se encuentra lleno de ni\u00f1os enfermos. \u00bfCu\u00e1ntos m\u00e1s deben morir para que nos presten atenci\u00f3n m\u00e9dica?, refiere el vecino de la localidad que colinda con el estado de Chiapas. <br>Por lo anterior, solicit\u00f3 la intervenci\u00f3n del presidente Andr\u00e9s Manuel L\u00f3pez Obrador, a fin de que se brinde a la ciudadan\u00eda la atenci\u00f3n m\u00e9dica que requiere, de forma particular con el brote de dengue hemorr\u00e1gico que denuncian.<br><\/p>\n","protected":false},"excerpt":{"rendered":"<p>Redacci\u00f3n\/Zona Roja. Oaxaca de Ju\u00e1rez, Oax., 30 de agosto de 2019.- Habitantes de San Pedro&hellip;<\/p>\n","protected":false},"author":2,"featured_media":3531,"comment_status":"closed","ping_status":"open","sticky":false,"template":"","format":"standard","meta":{"_lmt_disableupdate":"","_lmt_disable":"","_jetpack_memberships_contains_paid_content":false,"footnotes":""},"categories":[109,47],"tags":[613],"class_list":["post-3532","post","type-post","status-publish","format-standard","has-post-thumbnail","hentry","category-minuto-a-minuto","category-zona-gris","tag-dengue-oaxaca"],"jetpack_featured_media_url":"https:\/\/zonaroja.com.mx\/wp-content\/uploads\/2019\/08\/img_3135.jpg","jetpack_sharing_enabled":true,"_links":{"self":[{"href":"https:\/\/zonaroja.com.mx\/index.php?rest_route=\/wp\/v2\/posts\/3532","targetHints":{"allow":["GET"]}}],"collection":[{"href":"https:\/\/zonaroja.com.mx\/index.php?rest_route=\/wp\/v2\/posts"}],"about":[{"href":"https:\/\/zonaroja.com.mx\/index.php?rest_route=\/wp\/v2\/types\/post"}],"author":[{"embeddable":true,"href":"https:\/\/zonaroja.com.mx\/index.php?rest_route=\/wp\/v2\/users\/2"}],"replies":[{"embeddable":true,"href":"https:\/\/zonaroja.com.mx\/index.php?rest_route=%2Fwp%2Fv2%2Fcomments&post=3532"}],"version-history":[{"count":1,"href":"https:\/\/zonaroja.com.mx\/index.php?rest_route=\/wp\/v2\/posts\/3532\/revisions"}],"predecessor-version":[{"id":3533,"href":"https:\/\/zonaroja.com.mx\/index.php?rest_route=\/wp\/v2\/posts\/3532\/revisions\/3533"}],"wp:featuredmedia":[{"embeddable":true,"href":"https:\/\/zonaroja.com.mx\/index.php?rest_route=\/wp\/v2\/media\/3531"}],"wp:attachment":[{"href":"https:\/\/zonaroja.com.mx\/index.php?rest_route=%2Fwp%2Fv2%2Fmedia&parent=3532"}],"wp:term":[{"taxonomy":"category","embeddable":true,"href":"https:\/\/zonaroja.com.mx\/index.php?rest_route=%2Fwp%2Fv2%2Fcategories&post=3532"},{"taxonomy":"post_tag","embeddable":true,"href":"https:\/\/zonaroja.com.mx\/index.php?rest_route=%2Fwp%2Fv2%2Ftags&post=3532"}],"curies":[{"name":"wp","href":"https:\/\/api.w.org\/{rel}","templated":true}]}}