{"id":35339,"date":"2021-12-13T07:44:35","date_gmt":"2021-12-13T13:44:35","guid":{"rendered":"http:\/\/www.zonaroja.com.mx\/?p=35339"},"modified":"2021-12-13T07:44:38","modified_gmt":"2021-12-13T13:44:38","slug":"los-retos-de-martinez-neri-y-de-la-4t","status":"publish","type":"post","link":"https:\/\/zonaroja.com.mx\/?p=35339","title":{"rendered":"Los retos de Mart\u00ednez Neri y de la 4T"},"content":{"rendered":"\n<p>Ismael Garc\u00eda M.\/Zona Roja.<\/p>\n\n\n\n<p>Oaxaca de Ju\u00e1rez, Oax., 13 de diciembre de 2021.- Con los desastrosos saldos que deja Oswaldo Garc\u00eda Jarqu\u00edn, la Cuarta Transformaci\u00f3n est\u00e1 m\u00e1s que enlodada en la capital de Oaxaca y los resultados est\u00e1n a la vista.<\/p>\n\n\n\n<p>Tres a\u00f1os de nula obra p\u00fablica, de continuos paros de labores, de basura por doquier, de deudas, invasi\u00f3n de ambulantes, de grave y creciente inseguridad, as\u00ed como conflictos sociales, es el saldo fatal con el que tendr\u00e1 que lidiar Francisco Mart\u00ednez Neri, morenista tambi\u00e9n.<\/p>\n\n\n\n<p>Tan s\u00f3lo en la semana que termin\u00f3, tres d\u00edas de bloqueos a vialidades y oficinas por parte del Sindicato \u201c3 de Marzo\u201d bastaron para demostrar por en\u00e9sima ocasi\u00f3n la irresponsabilidad, desd\u00e9n y desinter\u00e9s del gobierno municipal.<\/p>\n\n\n\n<p>En inseguridad, el martes, una mujer atacada a balazos y el domingo, un individuo, en el centro comercial Plaza Oaxaca; por la noche, en el Centro Hist\u00f3rico, una ri\u00f1a dej\u00f3 dos personas lesionadas y tres lesionados de bala en Viguera; intentos de linchamiento de delincuentes, por doquier.<\/p>\n\n\n\n<p>El ambulantaje, una aut\u00e9ntica simulaci\u00f3n el retiro de vialidades y parques del primer cuadro de la ciudad, pero para ser reubicados en calles perif\u00e9ricas y principalmente en el parque \u201cEl Llano\u201d, que cada vez luce a reventar de puestos.<\/p>\n\n\n\n<p>\u00bfY EL DINERO?<\/p>\n\n\n\n<p>S\u00f3lo previo a las elecciones del pasado 6 de junio, Garc\u00eda Jarqu\u00edn se dedic\u00f3 a inaugurar obras menores, pero fue m\u00e1s para la fotograf\u00eda y el proselitismo, porque despu\u00e9s de ello, no hubo m\u00e1s acciones.<\/p>\n\n\n\n<p>Llam\u00f3 la atenci\u00f3n una pavimentaci\u00f3n en particular, la calle que dirige a su nuevo domicilio en la agencia Guadalupe Victoria, y que fue exhibida en redes sociales en el contexto de la m\u00e1s reciente crisis.<\/p>\n\n\n\n<p>Del dinero, nadie sabe, pero seg\u00fan el Presupuesto de Egresos que publica el propio gobierno municipal, este 2020 tuvo a su servicio mil 558 millones 78 mil 892.04 pesos.<\/p>\n\n\n\n<p>Excesiva cantidad, si se toma en cuenta que es una ciudad media, con 13 agencias municipales, m\u00e1s de 250 colonias y alrededor de 400 mil habitantes, insatisfechos en su mayor\u00eda de los servicios b\u00e1sicos.<\/p>\n\n\n\n<p>\u00bfPero qu\u00e9 se hizo con el dinero? Evidentemente que la mayor cantidad se eroga en sueldos, salarios y prestaciones, pero hay rubros que nada m\u00e1s no se entiende para qu\u00e9 son.<\/p>\n\n\n\n<p>Destaca por ejemplo que a la Coordinaci\u00f3n de Pol\u00edtica de Gobierno le destinaron 29.9 millones de pesos, de lo cual no existe la menor idea del destino de la inversi\u00f3n.<\/p>\n\n\n\n<p>Asimismo, para el rubro de la seguridad y orden interior, 40.3 millones de pesos, pero contrasta por ejemplo con el rubro de asuntos financieros, que tuvo 24.7 millones de pesos.<\/p>\n\n\n\n<p>O el caso del rubro de recreaci\u00f3n, cultura y otras manifestaciones sociales, con 81.7 millones de pesos\u2026 pero no se efectuaron actividades, debido al confinamiento.<\/p>\n\n\n\n<p>A servicios personales se destinaron mil 74 millones de pesos, pero llama la atenci\u00f3n, por ejemplo, que en remuneraciones al personal de car\u00e1cter permanente (es decir de base), le destinaron 307 millones de pesos, mientras que a remuneraciones adicionales y especiales, 378 millones de pesos. En tanto que en remuneraciones a personal de car\u00e1cter transitorio, se le destinaron 55.1 millones de pesos y a est\u00edmulos a servidores p\u00fablicos, 8.2 millones de pesos.<\/p>\n\n\n\n<p>As\u00ed podr\u00edamos continuar con el desglose de \u00e1reas en que te\u00f3ricamente fue destinado el presupuesto pero, para poner un ejemplo de la nula aplicaci\u00f3n, continuamente hubo quejas de trabajadores, de base y de confianza, de pagos y prestaciones retrasadas.&nbsp;<\/p>\n\n\n\n<p>&nbsp;Y nadie supo el destino de ello, pues para variar, el edil morenista aprovech\u00f3 la pandemia para no hacer sesiones p\u00fablicas de Cabildo; tampoco public\u00f3 los estados financieros, como est\u00e1 obligado a hacerlo.<\/p>\n\n\n\n<p>\u00bfQu\u00e9 hicieron los regidores? Ni priistas ni morenistas antag\u00f3nicos ni panistas ni nadie puso un freno, aunque sea medi\u00e1tico, al desastroso quehacer del edil surgido de Morena. Todos callaron, c\u00f3mplices.<\/p>\n\n\n\n<p>\u00bfY NERI?<\/p>\n\n\n\n<p>Resalta por otra parte, que Francisco Mart\u00ednez Neri paulatinamente se est\u00e9 integrando, y empapando, de la problem\u00e1tica municipal, como lo fue la presentaci\u00f3n de un proyecto de presupuesto propio.<\/p>\n\n\n\n<p>Y ahora el pasado s\u00e1bado, el hecho de participar de manera ya directa en las mesas de negociaciones para destrabar el problema que no quiso atender el edil en funciones.<\/p>\n\n\n\n<p>Sin embargo, a poco m\u00e1s de dos semanas de recibir el bast\u00f3n de mando, nada m\u00e1s no ha sido informado de los saldos presupuestales negativos, por desidia del presidente municipal.<\/p>\n\n\n\n<p>Garc\u00eda Jarqu\u00edn ya se va. Sin verg\u00fcenza, porque incluso se atrevi\u00f3 a postularse como aspirante a gobernador con, por supuesto, nulas posibilidades de obtener la candidatura.<\/p>\n\n\n\n<p>Se va contento tambi\u00e9n, pues hereda a Mart\u00ednez Neri a varios concejales y funcionarios que, lamentablemente, son c\u00f3mplices de su actuar y no movieron un solo dedo.<\/p>\n\n\n\n<p>As\u00ed que, el primer reto del pr\u00f3ximo primer concejal ser\u00e1 sacudirse la nefasta herencia de Oswaldo y de inmediato, ahora s\u00ed, demostrar a los capitalinos que la Cuarta Transformaci\u00f3n s\u00ed existe.<\/p>\n","protected":false},"excerpt":{"rendered":"<p>Ismael Garc\u00eda M.\/Zona Roja. Oaxaca de Ju\u00e1rez, Oax., 13 de diciembre de 2021.- Con los&hellip;<\/p>\n","protected":false},"author":2,"featured_media":7610,"comment_status":"closed","ping_status":"open","sticky":false,"template":"","format":"standard","meta":{"_lmt_disableupdate":"","_lmt_disable":"","_jetpack_memberships_contains_paid_content":false,"footnotes":""},"categories":[456,109,48],"tags":[1353],"class_list":["post-35339","post","type-post","status-publish","format-standard","has-post-thumbnail","hentry","category-columna","category-minuto-a-minuto","category-zona-critica","tag-opinion-zona-critica"],"jetpack_featured_media_url":"https:\/\/zonaroja.com.mx\/wp-content\/uploads\/2020\/01\/Opini\u00f3n-Zona-Cr\u00edtica.jpg","jetpack_sharing_enabled":true,"_links":{"self":[{"href":"https:\/\/zonaroja.com.mx\/index.php?rest_route=\/wp\/v2\/posts\/35339","targetHints":{"allow":["GET"]}}],"collection":[{"href":"https:\/\/zonaroja.com.mx\/index.php?rest_route=\/wp\/v2\/posts"}],"about":[{"href":"https:\/\/zonaroja.com.mx\/index.php?rest_route=\/wp\/v2\/types\/post"}],"author":[{"embeddable":true,"href":"https:\/\/zonaroja.com.mx\/index.php?rest_route=\/wp\/v2\/users\/2"}],"replies":[{"embeddable":true,"href":"https:\/\/zonaroja.com.mx\/index.php?rest_route=%2Fwp%2Fv2%2Fcomments&post=35339"}],"version-history":[{"count":1,"href":"https:\/\/zonaroja.com.mx\/index.php?rest_route=\/wp\/v2\/posts\/35339\/revisions"}],"predecessor-version":[{"id":35340,"href":"https:\/\/zonaroja.com.mx\/index.php?rest_route=\/wp\/v2\/posts\/35339\/revisions\/35340"}],"wp:featuredmedia":[{"embeddable":true,"href":"https:\/\/zonaroja.com.mx\/index.php?rest_route=\/wp\/v2\/media\/7610"}],"wp:attachment":[{"href":"https:\/\/zonaroja.com.mx\/index.php?rest_route=%2Fwp%2Fv2%2Fmedia&parent=35339"}],"wp:term":[{"taxonomy":"category","embeddable":true,"href":"https:\/\/zonaroja.com.mx\/index.php?rest_route=%2Fwp%2Fv2%2Fcategories&post=35339"},{"taxonomy":"post_tag","embeddable":true,"href":"https:\/\/zonaroja.com.mx\/index.php?rest_route=%2Fwp%2Fv2%2Ftags&post=35339"}],"curies":[{"name":"wp","href":"https:\/\/api.w.org\/{rel}","templated":true}]}}