{"id":35344,"date":"2021-12-13T14:31:11","date_gmt":"2021-12-13T20:31:11","guid":{"rendered":"https:\/\/www.zonaroja.com.mx\/?p=35344"},"modified":"2021-12-13T14:31:17","modified_gmt":"2021-12-13T20:31:17","slug":"inicia-otra-semana-de-caos-en-oaxaca-se-desbordan-bloqueos-en-la-entidad","status":"publish","type":"post","link":"https:\/\/zonaroja.com.mx\/?p=35344","title":{"rendered":"Inicia otra semana de caos en Oaxaca: se desbordan bloqueos en la entidad"},"content":{"rendered":"\n<p>Yuridiana Sosa\/ Zona Roja.<\/p>\n\n\n\n<p>Oaxaca de Ju\u00e1rez, Oax., 13 de diciembre de 2021.- La desatenci\u00f3n de la Secretar\u00eda General de Gobierno (Segego), que tiene como responsable de la pol\u00edtica interna a Francisco Garc\u00eda L\u00f3pez, es el com\u00fan de las manifestaciones que&nbsp;este lunes&nbsp;se activaron y reactivaron en la entidad.<\/p>\n\n\n\n<p>Desde colonos capitalinos, comunidades ind\u00edgenas, hasta organizaciones sociales que desquician con bloqueos carreteros en las regiones y complejos administrativos del gobierno, son parte de las protestas con las que los oaxaque\u00f1os inician una semana m\u00e1s.<\/p>\n\n\n\n<p>CAOS EN EL ISTMO<\/p>\n\n\n\n<p>Desde el pasado viernes, un grupo de manifestantes comenz\u00f3 una jornada de protestas con el bloqueo de carreteras importantes en la regi\u00f3n del Istmo, en donde han pernoctado.&nbsp;<\/p>\n\n\n\n<p>Uno de los grupos identificados con la organizaci\u00f3n \u201cSol Rojo\u201d activ\u00f3 en este inicio de semana cierres carreteros en al menos tres puntos, lo que impide el tr\u00e1nsito para la ciudad de Oaxaca, estado de Veracruz y Chiapas.<\/p>\n\n\n\n<p>Las afectaciones se registran en la carretera 190 Panamericana subtramo Pascual Fuentes &#8211; Tapanatepec ,en el punto conocido como Puente el Novillero, lque deja sin paso a Tapanatepec y Chiapas.&nbsp;<\/p>\n\n\n\n<p>Otro es en la comunidad de La Mata de la carretera 185 Trans\u00edstmica, tramo La Ventosa-Mat\u00edas Romero, que afecta el paso a la regi\u00f3n de la Cuenca y Veracruz; as\u00ed como en el punto conocido como \u201cEl Caracol\u201d en la carretera 190 Panamericana, tramo Jalapa del Marqu\u00e9s-Tehuantepec, sin paso a la regi\u00f3n de Valles Centrales.<\/p>\n\n\n\n<p>Estas movilizaciones se han registrado desde el viernes pasado, cuando se instalaron cierres de la carretera Tehuantepec-Jalapa del Marqu\u00e9s a la altura de El Caracol y el punto conocido como Puente de Fierro.<\/p>\n\n\n\n<p>Tambi\u00e9n se report\u00f3 la concentraci\u00f3n de personas en la carretera Panamericana en inmediaciones de la comunidad de San Juan Lajarcia, entre las poblaciones de Reforma y El Camar\u00f3n.<\/p>\n\n\n\n<p>A finales de noviembre pobladores de El Coyul realizaron bloqueos para exigir al Ayuntamiento de San Juan Lajarcia la entrega de los recursos de los ramos 28 y 33.<\/p>\n\n\n\n<p>OTRAS REGIONES&nbsp;<\/p>\n\n\n\n<p>Integrantes de la organizaci\u00f3n Frente Popular Revolucionario (FPR) activaron protestas en la regi\u00f3n de la Cuenca, de manera simult\u00e1nea a la manifestaci\u00f3n que efect\u00faan en el complejo de Ciudad Judicial en Reyes Mantec\u00f3n de San Bartolo Coyotepec, en los Valles Centrales.<\/p>\n\n\n\n<p>En la Cuenca, los manifestantes bloquearon la carretera federal 175 Valle Nacional- Oaxaca, para reclamar que el gobierno del estado les cumpla con sus demandas, las cuales se\u00f1alan son de beneficio social.<\/p>\n\n\n\n<p>Mientras que otro grupo volvi\u00f3 a \u201ctomar\u201d los acceso de Ciudad Judicial, donde durante este semana se han manifestado para exigir recursos, supuestamente para sus comunidades.&nbsp;<\/p>\n\n\n\n<p>EN LA CAPITAL<\/p>\n\n\n\n<p>Vecinos de diferentes colonias de la agencia de San Juan Chapultepec, de Oaxaca de Ju\u00e1rez, instalaron un bloqueo en el crucero que comunica a la capital del estado con el municipio de Santa Cruz Xoxocotl\u00e1n, para exigir agua potable.<\/p>\n\n\n\n<p>Los habitantes, principalmente de la colonia Santa Anita, denunciaron que en hay sectores que desde hace dos meses no tiene agua potable, de lo cual el ayuntamiento tambi\u00e9n se ha hecho omiso.<\/p>\n\n\n\n<p>En tanto que los Servicios de Agua Potable y Alcantarillado de Oaxaca (SAPAO) solo  aplaza la soluci\u00f3n a su problema, con la promesa de acudir a la agencia a revisar las tuber\u00edas, pero no ha cumplido.<\/p>\n","protected":false},"excerpt":{"rendered":"<p>Yuridiana Sosa\/ Zona Roja. Oaxaca de Ju\u00e1rez, Oax., 13 de diciembre de 2021.- La desatenci\u00f3n&hellip;<\/p>\n","protected":false},"author":2,"featured_media":35343,"comment_status":"closed","ping_status":"open","sticky":false,"template":"","format":"standard","meta":{"_lmt_disableupdate":"","_lmt_disable":"","_jetpack_memberships_contains_paid_content":false,"footnotes":""},"categories":[109,47],"tags":[],"class_list":["post-35344","post","type-post","status-publish","format-standard","has-post-thumbnail","hentry","category-minuto-a-minuto","category-zona-gris"],"jetpack_featured_media_url":"https:\/\/zonaroja.com.mx\/wp-content\/uploads\/2021\/12\/6889bfd8-73c8-4920-8336-3e8a12352023.jpg","jetpack_sharing_enabled":true,"_links":{"self":[{"href":"https:\/\/zonaroja.com.mx\/index.php?rest_route=\/wp\/v2\/posts\/35344","targetHints":{"allow":["GET"]}}],"collection":[{"href":"https:\/\/zonaroja.com.mx\/index.php?rest_route=\/wp\/v2\/posts"}],"about":[{"href":"https:\/\/zonaroja.com.mx\/index.php?rest_route=\/wp\/v2\/types\/post"}],"author":[{"embeddable":true,"href":"https:\/\/zonaroja.com.mx\/index.php?rest_route=\/wp\/v2\/users\/2"}],"replies":[{"embeddable":true,"href":"https:\/\/zonaroja.com.mx\/index.php?rest_route=%2Fwp%2Fv2%2Fcomments&post=35344"}],"version-history":[{"count":1,"href":"https:\/\/zonaroja.com.mx\/index.php?rest_route=\/wp\/v2\/posts\/35344\/revisions"}],"predecessor-version":[{"id":35345,"href":"https:\/\/zonaroja.com.mx\/index.php?rest_route=\/wp\/v2\/posts\/35344\/revisions\/35345"}],"wp:featuredmedia":[{"embeddable":true,"href":"https:\/\/zonaroja.com.mx\/index.php?rest_route=\/wp\/v2\/media\/35343"}],"wp:attachment":[{"href":"https:\/\/zonaroja.com.mx\/index.php?rest_route=%2Fwp%2Fv2%2Fmedia&parent=35344"}],"wp:term":[{"taxonomy":"category","embeddable":true,"href":"https:\/\/zonaroja.com.mx\/index.php?rest_route=%2Fwp%2Fv2%2Fcategories&post=35344"},{"taxonomy":"post_tag","embeddable":true,"href":"https:\/\/zonaroja.com.mx\/index.php?rest_route=%2Fwp%2Fv2%2Ftags&post=35344"}],"curies":[{"name":"wp","href":"https:\/\/api.w.org\/{rel}","templated":true}]}}