{"id":3535,"date":"2019-08-30T15:02:01","date_gmt":"2019-08-30T20:02:01","guid":{"rendered":"http:\/\/www.zonaroja.com.mx\/?p=3535"},"modified":"2019-08-30T15:02:03","modified_gmt":"2019-08-30T20:02:03","slug":"simula-autoridad-ministerial-busqueda-de-desaparecidos-acusan","status":"publish","type":"post","link":"https:\/\/zonaroja.com.mx\/?p=3535","title":{"rendered":"Simula autoridad ministerial b\u00fasqueda de desaparecidos, acusan"},"content":{"rendered":"\n<p>Evlin\nArag\u00f3n\/Zona Roja.<\/p>\n\n\n\n<p>Oaxaca de\nJu\u00e1rez, Oax., 30 de agosto de 2019.- Carlos Ren\u00e9 Rom\u00e1n Salazar fue visto por\n\u00faltima vez el 14 de marzo del 2011 cuando se dirig\u00eda de su domicilio, ubicado\nen Santa Cruz Xoxocotl\u00e1n, a la sede del Centro de Estudios y Desarrollo\nEducativo de la Secci\u00f3n 22 (Cedes 22).<\/p>\n\n\n\n<p>Hace ocho\na\u00f1os que su familia no sabe nada sobre su paradero, pese a que no han dejado de\ninsistir en la presentaci\u00f3n con vida del profesor, en cada una de las marchas y\nm\u00edtines que realiza la gremial magisterial en el estado y a nivel nacional. <\/p>\n\n\n\n<p>Carlos Ren\u00e9\nno es el \u00fanico; en la lista de desapariciones forzadas tambi\u00e9n se encuentran\nModesto Patolzin Moises, Guadalupe P\u00e9rez S\u00e1nchez, Aldo Gonz\u00e1lez Aguirre, Bruno\nAlonzo Avenda\u00f1o Mart\u00ednez, Jos\u00e9 Alberto Mart\u00ednez Santiago, Fidel Gabriel\nV\u00e1squez, Hannoi Edrel Cruz Cort\u00e9s, Ren\u00e9 Alejandro Cruz, Federico Cruz Morales,\nSeverina Paz Bautista, Ernesto Garc\u00eda y \u00c1lvaro Reyes Cruz, entre otros. <\/p>\n\n\n\n<p>Por estas y\notras desapariciones, este viernes integrantes de la Secci\u00f3n 22 del Sindicato\nNacional de Trabajadores de la Educaci\u00f3n (SNTE), as\u00ed como familiares de las\nv\u00edctimas, marcharon de la fuente de las Ocho Regiones al z\u00f3calo de la ciudad,\npara exigir la aparici\u00f3n con vida de sus compa\u00f1eros y activistas sociales en su\nmayor\u00eda.<\/p>\n\n\n\n<p>En el marco de la actividad, recriminaron que el tema de las desapariciones forzadas no sea tratado en los medios de comunicaci\u00f3n de forma responsable, contribuyendo al olvido de los casos y la inacci\u00f3n de las autoridades para localizar con vida a sus familiares. <\/p>\n\n\n\n<figure class=\"wp-block-embed-twitter wp-block-embed is-type-rich is-provider-twitter\"><div class=\"wp-block-embed__wrapper\">\n<div class=\"twitter-tweet\"><blockquote class=\"twitter-tweet\" data-lang=\"es\"><p lang=\"es\" dir=\"ltr\"><a href=\"https:\/\/twitter.com\/hashtag\/OaxacaRojo?src=hash&amp;ref_src=twsrc%5Etfw\">#OaxacaRojo<\/a><br>De nueva cuenta, se\u00f1alamientos en contra de la <a href=\"https:\/\/twitter.com\/FISCALIA_GobOax?ref_src=twsrc%5Etfw\">@FISCALIA_GobOax<\/a> que preside <a href=\"https:\/\/twitter.com\/RVasconcelosM?ref_src=twsrc%5Etfw\">@RVasconcelosM<\/a>, ahora por parte de la <a href=\"https:\/\/twitter.com\/SECCIONXXII?ref_src=twsrc%5Etfw\">@SECCIONXXII<\/a> y familiares de v\u00edctimas, que acusan escaso inter\u00e9s para atender y resolver casos de desaparici\u00f3n de personas en <a href=\"https:\/\/twitter.com\/hashtag\/Oaxaca?src=hash&amp;ref_src=twsrc%5Etfw\">#Oaxaca<\/a>. <a href=\"https:\/\/t.co\/JsQQOEqW7t\">pic.twitter.com\/JsQQOEqW7t<\/a><\/p>&mdash; Zona Roja Oaxaca (@MexRoja) <a href=\"https:\/\/twitter.com\/MexRoja\/status\/1167464085606285312?ref_src=twsrc%5Etfw\">30 de agosto de 2019<\/a><\/blockquote><\/div>\n<\/div><\/figure>\n\n\n\n<p>Explicaron\nque en Oaxaca la cifra de desapariciones forzadas es de alrededor de 600\npersonas, gran parte de ellas aseguran se han registrado en la administraci\u00f3n\nactual, encabezada por Alejandro Murat Hinojosa, mientras que en el pa\u00eds la\ncifra la cifra se dispara dram\u00e1ticamente hasta llegar a las 50 mil personas\ndesaparecidas.<\/p>\n\n\n\n<p>Denunciaron\nla falta de acci\u00f3n por parte de las autoridades estatales y federales en la\nb\u00fasqueda de sus familias y en la atenci\u00f3n de las v\u00edctimas colaterales, a la par\nque aseguraron que desde hace un a\u00f1o que se conform\u00f3 el Colectivo de Familiares\nde Desaparecidos han intentando, sin \u00e9xito, reunirse con el Ejecutivo y las\nautoridades en materia de seguridad y de la Fiscal\u00eda General del Estado.<\/p>\n\n\n\n<p>\u201cQue nos\nmuestren qu\u00e9 personas ha encontrado la Fiscal\u00eda, que nos muestren con hechos,\nporque nosotros como Colectivo no tenemos informaci\u00f3n de que haya logrado\naparecerlos; localiza casos de desaparici\u00f3n com\u00fan pero nada m\u00e1s\u201d, dijo uno de\nlos familiares, Francisco Gonz\u00e1lez D\u00edaz.<\/p>\n\n\n\n<p>Por lo anterior decidieron salir a las calles a pedir el respaldo ciudadano en la exigencia de aparici\u00f3n con vida de sus familiares y castigo a los responsables de arrancarlos de sus hogares, acci\u00f3n que aseguran seguir\u00e1n realizando para no dejar en el olvido que la desaparici\u00f3n forzada es una realidad en Oaxaca.<\/p>\n\n\n\n<figure class=\"wp-block-image\"><img decoding=\"async\" width=\"1024\" height=\"768\" src=\"http:\/\/www.zonaroja.com.mx\/wp-content\/uploads\/2019\/08\/IMG_3161-1024x768.jpg\" alt=\"\" class=\"wp-image-3537\" srcset=\"https:\/\/zonaroja.com.mx\/wp-content\/uploads\/2019\/08\/IMG_3161-1024x768.jpg 1024w, https:\/\/zonaroja.com.mx\/wp-content\/uploads\/2019\/08\/IMG_3161-300x225.jpg 300w, https:\/\/zonaroja.com.mx\/wp-content\/uploads\/2019\/08\/IMG_3161-768x576.jpg 768w, https:\/\/zonaroja.com.mx\/wp-content\/uploads\/2019\/08\/IMG_3161-1170x878.jpg 1170w, https:\/\/zonaroja.com.mx\/wp-content\/uploads\/2019\/08\/IMG_3161-1920x1440.jpg 1920w, https:\/\/zonaroja.com.mx\/wp-content\/uploads\/2019\/08\/IMG_3161-585x439.jpg 585w, https:\/\/zonaroja.com.mx\/wp-content\/uploads\/2019\/08\/IMG_3161.jpg 2016w\" sizes=\"(max-width: 1024px) 100vw, 1024px\" \/><\/figure>\n","protected":false},"excerpt":{"rendered":"<p>Evlin Arag\u00f3n\/Zona Roja. Oaxaca de Ju\u00e1rez, Oax., 30 de agosto de 2019.- Carlos Ren\u00e9 Rom\u00e1n&hellip;<\/p>\n","protected":false},"author":2,"featured_media":3536,"comment_status":"closed","ping_status":"open","sticky":false,"template":"","format":"standard","meta":{"_lmt_disableupdate":"","_lmt_disable":"","_jetpack_memberships_contains_paid_content":false,"footnotes":""},"categories":[109,51],"tags":[642],"class_list":["post-3535","post","type-post","status-publish","format-standard","has-post-thumbnail","hentry","category-minuto-a-minuto","category-zona-roja","tag-personas-desaparecidas-oaxaca"],"jetpack_featured_media_url":"https:\/\/zonaroja.com.mx\/wp-content\/uploads\/2019\/08\/IMG_3155.jpg","jetpack_sharing_enabled":true,"_links":{"self":[{"href":"https:\/\/zonaroja.com.mx\/index.php?rest_route=\/wp\/v2\/posts\/3535","targetHints":{"allow":["GET"]}}],"collection":[{"href":"https:\/\/zonaroja.com.mx\/index.php?rest_route=\/wp\/v2\/posts"}],"about":[{"href":"https:\/\/zonaroja.com.mx\/index.php?rest_route=\/wp\/v2\/types\/post"}],"author":[{"embeddable":true,"href":"https:\/\/zonaroja.com.mx\/index.php?rest_route=\/wp\/v2\/users\/2"}],"replies":[{"embeddable":true,"href":"https:\/\/zonaroja.com.mx\/index.php?rest_route=%2Fwp%2Fv2%2Fcomments&post=3535"}],"version-history":[{"count":1,"href":"https:\/\/zonaroja.com.mx\/index.php?rest_route=\/wp\/v2\/posts\/3535\/revisions"}],"predecessor-version":[{"id":3538,"href":"https:\/\/zonaroja.com.mx\/index.php?rest_route=\/wp\/v2\/posts\/3535\/revisions\/3538"}],"wp:featuredmedia":[{"embeddable":true,"href":"https:\/\/zonaroja.com.mx\/index.php?rest_route=\/wp\/v2\/media\/3536"}],"wp:attachment":[{"href":"https:\/\/zonaroja.com.mx\/index.php?rest_route=%2Fwp%2Fv2%2Fmedia&parent=3535"}],"wp:term":[{"taxonomy":"category","embeddable":true,"href":"https:\/\/zonaroja.com.mx\/index.php?rest_route=%2Fwp%2Fv2%2Fcategories&post=3535"},{"taxonomy":"post_tag","embeddable":true,"href":"https:\/\/zonaroja.com.mx\/index.php?rest_route=%2Fwp%2Fv2%2Ftags&post=3535"}],"curies":[{"name":"wp","href":"https:\/\/api.w.org\/{rel}","templated":true}]}}