{"id":35353,"date":"2021-12-13T21:32:10","date_gmt":"2021-12-14T03:32:10","guid":{"rendered":"http:\/\/www.zonaroja.com.mx\/?p=35353"},"modified":"2021-12-13T21:32:13","modified_gmt":"2021-12-14T03:32:13","slug":"recorre-susana-harp-la-mixteca-llama-a-la-unidad-por-oaxaca","status":"publish","type":"post","link":"https:\/\/zonaroja.com.mx\/?p=35353","title":{"rendered":"Recorre Susana Harp la Mixteca; llama a la unidad por Oaxaca"},"content":{"rendered":"\n<p>Redacci\u00f3n\/Zona Roja.<\/p>\n\n\n\n<p>Oaxaca de Ju\u00e1rez, Oax., 13 de diciembre del 2021.- La Senadora de la Rep\u00fablica, Susana Harp Iturribarr\u00eda, llam\u00f3 a las y los ciudadanos, a hacer equipo para defender con orgullo y dignidad, la cultura de los pueblos y comunidades ind\u00edgenas y afromexicanas, y as\u00ed contribuir mediante acciones a la transformaci\u00f3n por el progreso de Oaxaca.<\/p>\n\n\n\n<p>\u00abUstedes tienen que ser las guardianas y los guardianes de su tradici\u00f3n, de su lengua y de su naturaleza, y tenemos que hacer equipo para lograrlo. Si\u00e9ntanse muy orgullosos de lo que son y de lo que tienen porque es una gran bendici\u00f3n\u00bb expres\u00f3 la congresista.<\/p>\n\n\n\n<p>En San Mateo Pe\u00f1asco, indic\u00f3 que el&nbsp; derecho a la identidad cultural es un derecho fundamental que hasta el momento no ha podido tener plena vigencia. Urgi\u00f3 la necesidad de seguir trabajando, para mejorar esta situaci\u00f3n mediante acciones claras.<\/p>\n\n\n\n<p>\u00abSigamos trabajando para mejorar, pero con el orgullo de ser quienes somos, ah\u00ed bien plantados desde la ra\u00edz, nadie es menos que nadie, as\u00ed es que desde ah\u00ed, tenemos que trabajar y exigir, pero con el gusto de saber quienes s\u00ed somos en Oaxaca\u00bb<\/p>\n\n\n\n<p>La representante popular, refrend\u00f3 su compromiso de seguir trabajando de la mano de la ciudadan\u00eda, en la construcci\u00f3n de leyes que garanticen y reconozcan los derechos culturales de los pueblos y comunidades ind\u00edgenas y afromexicanas, las cuales propicien pol\u00edticas p\u00fablicas que los hagan efectivos.<\/p>\n\n\n\n<p>Durante el encuentro que sostuvo, la tambi\u00e9n aspirante a ser la candidata de Morena a la gubernatura de Oaxaca, Susana Harp Iturribarr\u00eda, comparti\u00f3 con las autoridades municipales y&nbsp; habitantes del municipio de San Mateo Pe\u00f1asco, ubicado en el distrito de Tlaxiaco, los nuevos derechos adquiridos, derivados de su trabajo legislativo en el Senado de la Rep\u00fablica.<\/p>\n","protected":false},"excerpt":{"rendered":"<p>Redacci\u00f3n\/Zona Roja. Oaxaca de Ju\u00e1rez, Oax., 13 de diciembre del 2021.- La Senadora de la&hellip;<\/p>\n","protected":false},"author":2,"featured_media":35354,"comment_status":"closed","ping_status":"open","sticky":false,"template":"","format":"standard","meta":{"_lmt_disableupdate":"","_lmt_disable":"","_jetpack_memberships_contains_paid_content":false,"footnotes":""},"categories":[109,46],"tags":[1685],"class_list":["post-35353","post","type-post","status-publish","format-standard","has-post-thumbnail","hentry","category-minuto-a-minuto","category-zona-blanca","tag-susana-harp-iturribarria"],"jetpack_featured_media_url":"https:\/\/zonaroja.com.mx\/wp-content\/uploads\/2021\/12\/Susana-Harp-Mixteca.jpg","jetpack_sharing_enabled":true,"_links":{"self":[{"href":"https:\/\/zonaroja.com.mx\/index.php?rest_route=\/wp\/v2\/posts\/35353","targetHints":{"allow":["GET"]}}],"collection":[{"href":"https:\/\/zonaroja.com.mx\/index.php?rest_route=\/wp\/v2\/posts"}],"about":[{"href":"https:\/\/zonaroja.com.mx\/index.php?rest_route=\/wp\/v2\/types\/post"}],"author":[{"embeddable":true,"href":"https:\/\/zonaroja.com.mx\/index.php?rest_route=\/wp\/v2\/users\/2"}],"replies":[{"embeddable":true,"href":"https:\/\/zonaroja.com.mx\/index.php?rest_route=%2Fwp%2Fv2%2Fcomments&post=35353"}],"version-history":[{"count":1,"href":"https:\/\/zonaroja.com.mx\/index.php?rest_route=\/wp\/v2\/posts\/35353\/revisions"}],"predecessor-version":[{"id":35355,"href":"https:\/\/zonaroja.com.mx\/index.php?rest_route=\/wp\/v2\/posts\/35353\/revisions\/35355"}],"wp:featuredmedia":[{"embeddable":true,"href":"https:\/\/zonaroja.com.mx\/index.php?rest_route=\/wp\/v2\/media\/35354"}],"wp:attachment":[{"href":"https:\/\/zonaroja.com.mx\/index.php?rest_route=%2Fwp%2Fv2%2Fmedia&parent=35353"}],"wp:term":[{"taxonomy":"category","embeddable":true,"href":"https:\/\/zonaroja.com.mx\/index.php?rest_route=%2Fwp%2Fv2%2Fcategories&post=35353"},{"taxonomy":"post_tag","embeddable":true,"href":"https:\/\/zonaroja.com.mx\/index.php?rest_route=%2Fwp%2Fv2%2Ftags&post=35353"}],"curies":[{"name":"wp","href":"https:\/\/api.w.org\/{rel}","templated":true}]}}