{"id":35356,"date":"2021-12-13T22:47:14","date_gmt":"2021-12-14T04:47:14","guid":{"rendered":"http:\/\/www.zonaroja.com.mx\/?p=35356"},"modified":"2021-12-13T22:47:19","modified_gmt":"2021-12-14T04:47:19","slug":"registra-oaxaca-este-lunes-43-casos-positivos-y-0-decesos-por-covid","status":"publish","type":"post","link":"https:\/\/zonaroja.com.mx\/?p=35356","title":{"rendered":"Registra Oaxaca este lunes 43 casos positivos y 0 decesos por Covid"},"content":{"rendered":"\n<p>Redacci\u00f3n\/Zona Roja.<\/p>\n\n\n\n<p>Oaxaca de Ju\u00e1rez, Oax. 13 de diciembre de 2021.- Oaxaca pas\u00f3 24 horas sin registrar una sola muerte por Covid-19 informaron los Servicios de Salud de Oaxaca (SSO), por lo que la cifra de acumulados desde el inicio de la pandemia se mantiene en cinco mil 624 lamentables decesos.<\/p>\n\n\n\n<p>En la actualizaci\u00f3n del Informe T\u00e9cnico de este inicio de semana, precisa que se notificaron 43 contagios nuevos, en habitantes de 14 municipios, por lo que suman un global de 83 mil 716 casos de esta patolog\u00eda respiratoria.<\/p>\n\n\n\n<p>De acuerdo al panorama Jurisdiccional, Valles Centrales registra 50 mil 772 casos confirmados y dos mil 498 defunciones, Istmo 11 mil 831 confirmados y mil 203 fallecimientos, Tuxtepec cinco mil 788 confirmados y 557 muertes, Costa cinco mil 875 confirmados y 471 defunciones, Mixteca seis mil 488 confirmados y 575 fallecimientos, Sierra dos mil 962 confirmados y 320 muertes.<\/p>\n\n\n\n<p>Los 43 casos nuevos afectan principalmente a la localidad de Oaxaca de Ju\u00e1rez con 25, seguido de San Pablo Etla con cuatro, as\u00ed como Ocotl\u00e1n de Morelos y Villa de Etla con dos contagios cada uno, los 10 municipios restantes notificaron un solo caso.<\/p>\n\n\n\n<p>En los \u00faltimos 14 d\u00edas, 136 personas reportaron signos y s\u00edntomas, de los cuales 78 son mujeres y 58 hombres; quienes se consideran casos activos, con mayor n\u00famero en la zona de Valles Centrales con 78 contagios, Tuxtepec y la Mixteca con 16 cada uno, Istmo con 10 e igualmente con el mismo n\u00famero la Costa, adem\u00e1s de seis en la Sierra, para un total de 52 municipios donde circula el virus.<\/p>\n\n\n\n<figure class=\"wp-block-embed is-type-rich is-provider-twitter wp-block-embed-twitter\"><div class=\"wp-block-embed__wrapper\">\n<div class=\"twitter-tweet\"><blockquote class=\"twitter-tweet\" data-lang=\"es\"><p lang=\"es\" dir=\"ltr\"><a href=\"https:\/\/twitter.com\/hashtag\/%C3%9AltimoMinuto?src=hash&amp;ref_src=twsrc%5Etfw\">#\u00daltimoMinuto<\/a><br>Este lunes, los <a href=\"https:\/\/twitter.com\/SSO_GobOax?ref_src=twsrc%5Etfw\">@SSO_GobOax<\/a> registran en la entidad 43 casos positivos a Covid y 0 fallecimientos.<br>Las cifras acumuladas son 83 mil 716 casos confirmados y 5 mil 624 fallecimientos.<br>Hay 3 nosocomios saturados y la ocupaci\u00f3n hospitalaria est\u00e1 al 21.0% de promedio. <a href=\"https:\/\/t.co\/Xua90p15JU\">pic.twitter.com\/Xua90p15JU<\/a><\/p>&mdash; Zona Roja Oaxaca (@Zona_Roja_Oax) <a href=\"https:\/\/twitter.com\/Zona_Roja_Oax\/status\/1470591977125302272?ref_src=twsrc%5Etfw\">14 de diciembre de 2021<\/a><\/blockquote><\/div>\n<\/div><\/figure>\n\n\n\n<p>De las cinco mil 624 defunciones, tres mil 587 son hombres y dos mil 037 mujeres, los grupos de edad m\u00e1s afectados son los de 65 y m\u00e1s a\u00f1os con dos mil 625, de 50 a 59 con mil 188, de 60 a 64 con 769 y de 25 a 44 a\u00f1os con 592 decesos.<\/p>\n\n\n\n<p>En relaci\u00f3n a la ocupaci\u00f3n hospitalaria, destaca la Jurisdicci\u00f3n Sanitaria de la Mixteca con 42.9%, seguido de Valles Centrales con 25.2%, Tuxtepec con 17.6%, Istmo con 13.1%, Costa con 10.9% y Sierra contin\u00faa sin reportar camas ocupadas.<\/p>\n\n\n\n<p>Asimismo, Oaxaca notifica este lunes tres nosocomios con el 100% de saturaci\u00f3n, y una persona nueva hospitalizada, de las 423 camas destinadas para pacientes con esta enfermedad, se encuentran disponibles 334, lo que hace que el promedio de la red m\u00e9dica sea del 21%.<\/p>\n\n\n\n<p>Esta dependencia tambi\u00e9n informa que contin\u00faa la vacunaci\u00f3n contra Covid-19, y se avanza con la inmunizaci\u00f3n de la tercera dosis como refuerzo en las personas mayores de 60 a\u00f1os, por lo que invit\u00f3 a esta poblaci\u00f3n a acudir a los puestos asignados en las diferentes regiones, para as\u00ed aplicarse la dosis y estar protegidos, aunado a la vacuna contra influenza para esta temporada invernal.<\/p>\n","protected":false},"excerpt":{"rendered":"<p>Redacci\u00f3n\/Zona Roja. Oaxaca de Ju\u00e1rez, Oax. 13 de diciembre de 2021.- Oaxaca pas\u00f3 24 horas&hellip;<\/p>\n","protected":false},"author":2,"featured_media":35357,"comment_status":"closed","ping_status":"open","sticky":false,"template":"","format":"standard","meta":{"_lmt_disableupdate":"","_lmt_disable":"","_jetpack_memberships_contains_paid_content":false,"footnotes":""},"categories":[109,47],"tags":[1512],"class_list":["post-35356","post","type-post","status-publish","format-standard","has-post-thumbnail","hentry","category-minuto-a-minuto","category-zona-gris","tag-coronavirus-oaxaca"],"jetpack_featured_media_url":"https:\/\/zonaroja.com.mx\/wp-content\/uploads\/2021\/12\/GRAFICA-SSO-01.jpg","jetpack_sharing_enabled":true,"_links":{"self":[{"href":"https:\/\/zonaroja.com.mx\/index.php?rest_route=\/wp\/v2\/posts\/35356","targetHints":{"allow":["GET"]}}],"collection":[{"href":"https:\/\/zonaroja.com.mx\/index.php?rest_route=\/wp\/v2\/posts"}],"about":[{"href":"https:\/\/zonaroja.com.mx\/index.php?rest_route=\/wp\/v2\/types\/post"}],"author":[{"embeddable":true,"href":"https:\/\/zonaroja.com.mx\/index.php?rest_route=\/wp\/v2\/users\/2"}],"replies":[{"embeddable":true,"href":"https:\/\/zonaroja.com.mx\/index.php?rest_route=%2Fwp%2Fv2%2Fcomments&post=35356"}],"version-history":[{"count":1,"href":"https:\/\/zonaroja.com.mx\/index.php?rest_route=\/wp\/v2\/posts\/35356\/revisions"}],"predecessor-version":[{"id":35358,"href":"https:\/\/zonaroja.com.mx\/index.php?rest_route=\/wp\/v2\/posts\/35356\/revisions\/35358"}],"wp:featuredmedia":[{"embeddable":true,"href":"https:\/\/zonaroja.com.mx\/index.php?rest_route=\/wp\/v2\/media\/35357"}],"wp:attachment":[{"href":"https:\/\/zonaroja.com.mx\/index.php?rest_route=%2Fwp%2Fv2%2Fmedia&parent=35356"}],"wp:term":[{"taxonomy":"category","embeddable":true,"href":"https:\/\/zonaroja.com.mx\/index.php?rest_route=%2Fwp%2Fv2%2Fcategories&post=35356"},{"taxonomy":"post_tag","embeddable":true,"href":"https:\/\/zonaroja.com.mx\/index.php?rest_route=%2Fwp%2Fv2%2Ftags&post=35356"}],"curies":[{"name":"wp","href":"https:\/\/api.w.org\/{rel}","templated":true}]}}