{"id":35362,"date":"2021-12-14T07:29:52","date_gmt":"2021-12-14T13:29:52","guid":{"rendered":"http:\/\/www.zonaroja.com.mx\/?p=35362"},"modified":"2021-12-14T07:36:09","modified_gmt":"2021-12-14T13:36:09","slug":"investiga-en-oaxaca-38-casos-de-probable-negligencia-medica-mayoria-son-del-sector-privado","status":"publish","type":"post","link":"https:\/\/zonaroja.com.mx\/?p=35362","title":{"rendered":"Investiga en Oaxaca 38 casos de probable negligencia m\u00e9dica; mayor\u00eda son del sector privado"},"content":{"rendered":"\n<p>Yuridiana Sosa\/Zona Roja.<\/p>\n\n\n\n<p>Oaxaca de Ju\u00e1rez, Oax., 14 de diciembre de 2021.- La Comisi\u00f3n Estatal de Arbitraje M\u00e9dico de Oaxaca (CEAMO) contabiliza 38 casos de presuntos actos de negligencia m\u00e9dica contra la poblaci\u00f3n, entre los que destaca el fallecimiento de un menor de edad, al no ser recibido en el hospital de Salina Cruz, de los Servicios de Salud de Oaxaca (SSO).<\/p>\n\n\n\n<p>As\u00ed lo indic\u00f3 el presidente de \u00f3rgano aut\u00f3nomo, Alberto V\u00e1squez San Germ\u00e1n, quien asever\u00f3 que la mayor cantidad de quejas que existen son contra el servicio m\u00e9dico del sector privado, a pesar que de forma p\u00fablica existen de forma continua denuncias contra las instituciones p\u00fablicas de salud.<\/p>\n\n\n\n<p>En entrevista, detall\u00f3 que entre los casos que indagan y que van contra los Servicios de Salud de Oaxaca, est\u00e1 el del menor de edad con c\u00e1ncer que falleci\u00f3 luego de no ser atendido en el hospital de Salina Cruz, en la regi\u00f3n del Istmo.<\/p>\n\n\n\n<p>Aunque la CEAMO no est\u00e1 facultada para sancionar, apunt\u00f3 que s\u00ed puede hacer las recomendaciones a las autoridades para que aplique las sanciones correspondientes de acuerdo a la relaci\u00f3n laboral con el personal.<\/p>\n\n\n\n<p>Por este caso, la Comisi\u00f3n mand\u00f3 un escrito a la Secretar\u00eda de Salud de Oaxaca el expediente para conocer c\u00f3mo se procedi\u00f3 para la atenci\u00f3n del menor, por lo que la dependencia tiene 15 d\u00edas para emitir una respuesta y en caso de negarse, se tomar\u00e1 como un desacato.<\/p>\n\n\n\n<figure class=\"wp-block-embed is-type-rich is-provider-twitter wp-block-embed-twitter\"><div class=\"wp-block-embed__wrapper\">\n<div class=\"twitter-tweet\"><blockquote class=\"twitter-tweet\" data-lang=\"es\"><p lang=\"es\" dir=\"ltr\">El presidente del Consejo Estatal de Arbitraje M\u00e9dico de Oaxaca, Alberto V\u00e1squez San Germ\u00e1n, inform\u00f3 que hay 38 casos de probable negligencia m\u00e9dica; indagan adem\u00e1s la muerte de menor con c\u00e1ncer en hospital de Salina Cruz. Busca m\u00e1s apoyos presupuestal del <a href=\"https:\/\/twitter.com\/CongresoOaxaca_?ref_src=twsrc%5Etfw\">@CongresoOaxaca_<\/a>. <a href=\"https:\/\/t.co\/ad6yBmEe35\">pic.twitter.com\/ad6yBmEe35<\/a><\/p>&mdash; Zona Roja Oaxaca (@Zona_Roja_Oax) <a href=\"https:\/\/twitter.com\/Zona_Roja_Oax\/status\/1470465075085414401?ref_src=twsrc%5Etfw\">13 de diciembre de 2021<\/a><\/blockquote><\/div>\n<\/div><\/figure>\n\n\n\n<p>El objetivo de conocer el fondo del caso es para aplicar acciones que no permitan la repetici\u00f3n de estos actos que atentan a la salud y la vida, dijo.<\/p>\n\n\n\n<p>URGE M\u00c1S PRESUPUESTO<\/p>\n\n\n\n<p>Por otra parte, el presidente de la CEAMO destac\u00f3 que este organismo requiere de mayor presupuesto para la ejecuci\u00f3n de actividades que permitan mayores resultados a favor de la poblaci\u00f3n y de difusi\u00f3n.<\/p>\n\n\n\n<p>Anualmente, la Comisi\u00f3n Estatal de Arbitraje M\u00e9dico de Oaxaca recibe 12 millones de pesos, pero el 83 por ciento es para el pago de salarios, lo que limita su operatividad, dijo V\u00e1squez San Germ\u00e1n.<\/p>\n\n\n\n<p>Entre las metas se encuentra la apertura de oficinas en las diferentes regiones del estado, donde tambi\u00e9n existen actos de negligencia, pero que no siempre se denuncian ante la falta de una instancia, pues la Comisi\u00f3n, con sede en la capital, concentra un alto \u00edndice de denuncia de los municipios de Valles Centrales.<\/p>\n\n\n\n<p>As\u00ed tambi\u00e9n, la CEAMO requiere de una mayor difusi\u00f3n para que la poblaci\u00f3n de toda la entidad conozca que existe un organismo que vela por su derecho a la atenci\u00f3n m\u00e9dica y a la salud.<\/p>\n","protected":false},"excerpt":{"rendered":"<p>Yuridiana Sosa\/Zona Roja. Oaxaca de Ju\u00e1rez, Oax., 14 de diciembre de 2021.- La Comisi\u00f3n Estatal&hellip;<\/p>\n","protected":false},"author":2,"featured_media":35363,"comment_status":"closed","ping_status":"open","sticky":false,"template":"","format":"standard","meta":{"_lmt_disableupdate":"","_lmt_disable":"","_jetpack_memberships_contains_paid_content":false,"footnotes":""},"categories":[109,46],"tags":[2975],"class_list":["post-35362","post","type-post","status-publish","format-standard","has-post-thumbnail","hentry","category-minuto-a-minuto","category-zona-blanca","tag-comision-estatal-de-arbitraje-medico-de-oaxaca"],"jetpack_featured_media_url":"https:\/\/zonaroja.com.mx\/wp-content\/uploads\/2021\/12\/Alberto-Vasquez-San-German.jpg","jetpack_sharing_enabled":true,"_links":{"self":[{"href":"https:\/\/zonaroja.com.mx\/index.php?rest_route=\/wp\/v2\/posts\/35362","targetHints":{"allow":["GET"]}}],"collection":[{"href":"https:\/\/zonaroja.com.mx\/index.php?rest_route=\/wp\/v2\/posts"}],"about":[{"href":"https:\/\/zonaroja.com.mx\/index.php?rest_route=\/wp\/v2\/types\/post"}],"author":[{"embeddable":true,"href":"https:\/\/zonaroja.com.mx\/index.php?rest_route=\/wp\/v2\/users\/2"}],"replies":[{"embeddable":true,"href":"https:\/\/zonaroja.com.mx\/index.php?rest_route=%2Fwp%2Fv2%2Fcomments&post=35362"}],"version-history":[{"count":2,"href":"https:\/\/zonaroja.com.mx\/index.php?rest_route=\/wp\/v2\/posts\/35362\/revisions"}],"predecessor-version":[{"id":35365,"href":"https:\/\/zonaroja.com.mx\/index.php?rest_route=\/wp\/v2\/posts\/35362\/revisions\/35365"}],"wp:featuredmedia":[{"embeddable":true,"href":"https:\/\/zonaroja.com.mx\/index.php?rest_route=\/wp\/v2\/media\/35363"}],"wp:attachment":[{"href":"https:\/\/zonaroja.com.mx\/index.php?rest_route=%2Fwp%2Fv2%2Fmedia&parent=35362"}],"wp:term":[{"taxonomy":"category","embeddable":true,"href":"https:\/\/zonaroja.com.mx\/index.php?rest_route=%2Fwp%2Fv2%2Fcategories&post=35362"},{"taxonomy":"post_tag","embeddable":true,"href":"https:\/\/zonaroja.com.mx\/index.php?rest_route=%2Fwp%2Fv2%2Ftags&post=35362"}],"curies":[{"name":"wp","href":"https:\/\/api.w.org\/{rel}","templated":true}]}}