{"id":35375,"date":"2021-12-14T18:32:21","date_gmt":"2021-12-15T00:32:21","guid":{"rendered":"http:\/\/www.zonaroja.com.mx\/?p=35375"},"modified":"2021-12-14T18:32:26","modified_gmt":"2021-12-15T00:32:26","slug":"edil-garcia-jarquin-pretende-quitar-a-locatarios-centro-comercial-para-pagar-deudas","status":"publish","type":"post","link":"https:\/\/zonaroja.com.mx\/?p=35375","title":{"rendered":"Edil Garc\u00eda Jarqu\u00edn pretende quitar a locatarios centro comercial para pagar deudas"},"content":{"rendered":"\n<p>Yuridiana Sosa\/Zona Roja.<\/p>\n\n\n\n<p>Oaxaca de Ju\u00e1rez, Oax., 14 de diciembre de 2021.- Vendedores del Centro Comercial \u201cReforma\u201d, de la capital del estado, anunciaron que comenzar\u00e1n la defensa, social y legal, del inmueble que los alberga, ante la intenci\u00f3n del presidente de Oaxaca de Ju\u00e1rez, Oswaldo Garc\u00eda Jarqu\u00edn, de ofrecerlo como pago de la duda que mantiene con los sindicatos.<\/p>\n\n\n\n<p>En conferencia de prensa, encabezados por la presidenta del espacio, Rosario Echeverr\u00eda Morales, los comerciantes manifestaron su rechazo a esta propuesta del edil, pues de concretarse ser\u00edan desalojados 30 locatarios del espacio que por m\u00e1s de 40 a\u00f1os han ocupado como su \u00fanico centro de trabajo e ingresos para sus familias.<\/p>\n\n\n\n<p>De acuerdo con los afectados, la intenci\u00f3n de Garc\u00eda Jarqu\u00edn es saldar en especie una deuda de m\u00e1s de 18 millones de pesos, por concepto de pensiones y cuotas sindicales, antes que culmine su administraci\u00f3n el pr\u00f3ximo 31 de diciembre.<\/p>\n\n\n\n<figure class=\"wp-block-embed is-type-rich is-provider-twitter wp-block-embed-twitter\"><div class=\"wp-block-embed__wrapper\">\n<div class=\"twitter-tweet\"><blockquote class=\"twitter-tweet\" data-lang=\"es\"><p lang=\"es\" dir=\"ltr\"><a href=\"https:\/\/twitter.com\/hashtag\/ENVIVO?src=hash&amp;ref_src=twsrc%5Etfw\">#ENVIVO<\/a> <br>Conferencia de prensa de locatarios del Centro Comercial Reforma de la ciudad de Oaxaca para denunciar la situaci\u00f3n porque pretende apoderarse la autoridad municipal del inmueble. <br>Siga aqu\u00ed la transmisi\u00f3n:<br>\ud83d\udc47<a href=\"https:\/\/t.co\/47ZbNjyhUb\">https:\/\/t.co\/47ZbNjyhUb<\/a> <a href=\"https:\/\/t.co\/7Nwbs4olxi\">pic.twitter.com\/7Nwbs4olxi<\/a><\/p>&mdash; Zona Roja Oaxaca (@Zona_Roja_Oax) <a href=\"https:\/\/twitter.com\/Zona_Roja_Oax\/status\/1470806958689165317?ref_src=twsrc%5Etfw\">14 de diciembre de 2021<\/a><\/blockquote><\/div>\n<\/div><\/figure>\n\n\n\n<p>Son los mismos peque\u00f1os y microempresarios de este lugar los que han procurado principalmente los cuidados del inmueble por cuatro d\u00e9cadas, pero en especial durante la actual administraci\u00f3n municipal han percibido el mayor abandono de las autoridades capitalinas.<\/p>\n\n\n\n<p>Pese a eso, los vendedores aseguraron que han cumplido con sus pagos de continuidad de operaciones y rentas, por lo que no permitir\u00e1n que los echen de un lugar destinado, desde su donaci\u00f3n al ayuntamiento, para la actividad comercial.<\/p>\n\n\n\n<p>El inmueble se ubica en la colonia Reforma, al norte de la capital, una de las zonas que m\u00e1s han crecido comercialmente en las \u00faltimas d\u00e9cadas.<\/p>\n\n\n\n<p>El ayuntamiento adeuda alrededor de 24 millones de pesos al Fondo de Pensiones de trabajadores, con lo cual se cubren los emolumentos correspondientes a ex trabajadores.<\/p>\n","protected":false},"excerpt":{"rendered":"<p>Yuridiana Sosa\/Zona Roja. Oaxaca de Ju\u00e1rez, Oax., 14 de diciembre de 2021.- Vendedores del Centro&hellip;<\/p>\n","protected":false},"author":2,"featured_media":35376,"comment_status":"closed","ping_status":"open","sticky":false,"template":"","format":"standard","meta":{"_lmt_disableupdate":"","_lmt_disable":"","_jetpack_memberships_contains_paid_content":false,"footnotes":""},"categories":[109,47],"tags":[115],"class_list":["post-35375","post","type-post","status-publish","format-standard","has-post-thumbnail","hentry","category-minuto-a-minuto","category-zona-gris","tag-oswaldo-garcia-jarquin"],"jetpack_featured_media_url":"https:\/\/zonaroja.com.mx\/wp-content\/uploads\/2021\/12\/Centro-comercial-reforma-conferencia.jpg","jetpack_sharing_enabled":true,"_links":{"self":[{"href":"https:\/\/zonaroja.com.mx\/index.php?rest_route=\/wp\/v2\/posts\/35375","targetHints":{"allow":["GET"]}}],"collection":[{"href":"https:\/\/zonaroja.com.mx\/index.php?rest_route=\/wp\/v2\/posts"}],"about":[{"href":"https:\/\/zonaroja.com.mx\/index.php?rest_route=\/wp\/v2\/types\/post"}],"author":[{"embeddable":true,"href":"https:\/\/zonaroja.com.mx\/index.php?rest_route=\/wp\/v2\/users\/2"}],"replies":[{"embeddable":true,"href":"https:\/\/zonaroja.com.mx\/index.php?rest_route=%2Fwp%2Fv2%2Fcomments&post=35375"}],"version-history":[{"count":1,"href":"https:\/\/zonaroja.com.mx\/index.php?rest_route=\/wp\/v2\/posts\/35375\/revisions"}],"predecessor-version":[{"id":35377,"href":"https:\/\/zonaroja.com.mx\/index.php?rest_route=\/wp\/v2\/posts\/35375\/revisions\/35377"}],"wp:featuredmedia":[{"embeddable":true,"href":"https:\/\/zonaroja.com.mx\/index.php?rest_route=\/wp\/v2\/media\/35376"}],"wp:attachment":[{"href":"https:\/\/zonaroja.com.mx\/index.php?rest_route=%2Fwp%2Fv2%2Fmedia&parent=35375"}],"wp:term":[{"taxonomy":"category","embeddable":true,"href":"https:\/\/zonaroja.com.mx\/index.php?rest_route=%2Fwp%2Fv2%2Fcategories&post=35375"},{"taxonomy":"post_tag","embeddable":true,"href":"https:\/\/zonaroja.com.mx\/index.php?rest_route=%2Fwp%2Fv2%2Ftags&post=35375"}],"curies":[{"name":"wp","href":"https:\/\/api.w.org\/{rel}","templated":true}]}}