{"id":35378,"date":"2021-12-14T19:40:34","date_gmt":"2021-12-15T01:40:34","guid":{"rendered":"http:\/\/www.zonaroja.com.mx\/?p=35378"},"modified":"2021-12-14T19:40:38","modified_gmt":"2021-12-15T01:40:38","slug":"denuncian-invasion-de-predios-en-universidad-de-istmo","status":"publish","type":"post","link":"https:\/\/zonaroja.com.mx\/?p=35378","title":{"rendered":"Denuncian invasi\u00f3n de predios en Universidad de Istmo"},"content":{"rendered":"\n<p>Yuridiana Sosa\/Zona Roja.<\/p>\n\n\n\n<p>Oaxaca de Ju\u00e1rez, Oax., 14 de diciembre de 2021.- Alumnos, docentes, personal administrativo, egresados y padres de familia de la Universidad del Istmo (Unistmo), campus Juchit\u00e1n, bloquearon por unas horas la carretera Trans\u00edstmica para exigir a los gobierno estatal y federal las garant\u00edas para estudiar, ante el peligro que representa la invasi\u00f3n a terrenos de la instituci\u00f3n.<\/p>\n\n\n\n<p>Los estudiantes de la instituci\u00f3n, administrada por el Gobierno del Estado, temen por su seguridad ante la irrupci\u00f3n de un grupo de personas a la propiedad escolar, sin que ninguna autoridad pueda frenar este problema.<\/p>\n\n\n\n<p>Hartos de no ser atendidos mientras el riesgo de ser desalojados es permanente, los afectados se manifestaron con una marcha y el cierre a la circulaci\u00f3n vial en el tramo Juchit\u00e1n-La Ventosa, frente a la Universidad.<\/p>\n\n\n\n<p>La infraestructura escolar apenas cubre unas dos hect\u00e1reas de un total de 10 que est\u00e1n disponibles para la instituci\u00f3n, sin embargo, la mayor parte del terreno comienza a ser ocupada por invasores, apuntaron.<\/p>\n\n\n\n<p>Los maestros y alumnos demandan garant\u00edas para su derecho a la educaci\u00f3n, pues existe el riesgo de cerrar la Universidad, lo que representar\u00eda un atropello para que los j\u00f3venes de la regi\u00f3n del Istmo puedan acceder a educaci\u00f3n superior de forma gratuita.<\/p>\n\n\n\n<p>La Unistmo, del Sistema de Universidades Estatales de Oaxaca (SUNEO), alberga actualmente a 248 estudiantes de Nutrici\u00f3n y Enfermer\u00eda y a unos 100 que ofrecen servicio social; de esta instituci\u00f3n han egresado seis generaciones, indicaron.<\/p>\n","protected":false},"excerpt":{"rendered":"<p>Yuridiana Sosa\/Zona Roja. Oaxaca de Ju\u00e1rez, Oax., 14 de diciembre de 2021.- Alumnos, docentes, personal&hellip;<\/p>\n","protected":false},"author":2,"featured_media":35379,"comment_status":"closed","ping_status":"open","sticky":false,"template":"","format":"standard","meta":{"_lmt_disableupdate":"","_lmt_disable":"","_jetpack_memberships_contains_paid_content":false,"footnotes":""},"categories":[109,47],"tags":[2976],"class_list":["post-35378","post","type-post","status-publish","format-standard","has-post-thumbnail","hentry","category-minuto-a-minuto","category-zona-gris","tag-universidad-del-istmo-unistmo"],"jetpack_featured_media_url":"https:\/\/zonaroja.com.mx\/wp-content\/uploads\/2021\/12\/Protesta-Universidad-del-Istmo.jpg","jetpack_sharing_enabled":true,"_links":{"self":[{"href":"https:\/\/zonaroja.com.mx\/index.php?rest_route=\/wp\/v2\/posts\/35378","targetHints":{"allow":["GET"]}}],"collection":[{"href":"https:\/\/zonaroja.com.mx\/index.php?rest_route=\/wp\/v2\/posts"}],"about":[{"href":"https:\/\/zonaroja.com.mx\/index.php?rest_route=\/wp\/v2\/types\/post"}],"author":[{"embeddable":true,"href":"https:\/\/zonaroja.com.mx\/index.php?rest_route=\/wp\/v2\/users\/2"}],"replies":[{"embeddable":true,"href":"https:\/\/zonaroja.com.mx\/index.php?rest_route=%2Fwp%2Fv2%2Fcomments&post=35378"}],"version-history":[{"count":1,"href":"https:\/\/zonaroja.com.mx\/index.php?rest_route=\/wp\/v2\/posts\/35378\/revisions"}],"predecessor-version":[{"id":35380,"href":"https:\/\/zonaroja.com.mx\/index.php?rest_route=\/wp\/v2\/posts\/35378\/revisions\/35380"}],"wp:featuredmedia":[{"embeddable":true,"href":"https:\/\/zonaroja.com.mx\/index.php?rest_route=\/wp\/v2\/media\/35379"}],"wp:attachment":[{"href":"https:\/\/zonaroja.com.mx\/index.php?rest_route=%2Fwp%2Fv2%2Fmedia&parent=35378"}],"wp:term":[{"taxonomy":"category","embeddable":true,"href":"https:\/\/zonaroja.com.mx\/index.php?rest_route=%2Fwp%2Fv2%2Fcategories&post=35378"},{"taxonomy":"post_tag","embeddable":true,"href":"https:\/\/zonaroja.com.mx\/index.php?rest_route=%2Fwp%2Fv2%2Ftags&post=35378"}],"curies":[{"name":"wp","href":"https:\/\/api.w.org\/{rel}","templated":true}]}}