{"id":35381,"date":"2021-12-14T21:00:00","date_gmt":"2021-12-15T03:00:00","guid":{"rendered":"http:\/\/www.zonaroja.com.mx\/?p=35381"},"modified":"2021-12-14T21:00:04","modified_gmt":"2021-12-15T03:00:04","slug":"por-negativa-de-supuestos-ambientalistas-cae-arbol-sobre-vehiculos-en-simbolos-patrios","status":"publish","type":"post","link":"https:\/\/zonaroja.com.mx\/?p=35381","title":{"rendered":"Por negativa de supuestos ambientalistas, cae \u00e1rbol sobre veh\u00edculos en S\u00edmbolos Patrios"},"content":{"rendered":"\n<p>Redacci\u00f3n\/Zona Roja.<\/p>\n\n\n\n<p>Oaxaca de Ju\u00e1rez, Oax., 14 de diciembre de 2021.- Debido a las malas condiciones en que se encuentran varios ejemplares a lo largo de la avenida S\u00edmbolos Patrios y la negativa de supuestos ambientalistas a que sean retirados, un \u00e1rbol cay\u00f3 hoy encima de un taxi.<\/p>\n\n\n\n<p>Este ejemplar, que ya estaba dictaminado como sin vida y cuya tala fue suspendida por un juez federal, cay\u00f3 pesadamente sobre una unidad de transporte p\u00fablico y una camioneta de uso particular, pudiendo haber ocasionado lesiones graves a los ocupantes de la unidad, y cuantiosos da\u00f1os materiales.<\/p>\n\n\n\n<p>Fue la tarde de este martes en que dicho \u00e1rbol colaps\u00f3 sobre la cinta asf\u00e1ltica en la avenida antes mencionada, al sur de la ciudad de Oaxaca.<\/p>\n\n\n\n<p>En ese momento, circulaban dos unidades de motor directamente sobre la trayectoria de ca\u00edda del arbusto, provoc\u00e1ndoles lesiones leves a los ocupantes, pero importantes da\u00f1os materiales a las unidades de motor.<\/p>\n\n\n\n<p>Dicho ejemplar, en el contexto de las obras que realiza el Gobierno del Estado en la avenida S\u00edmbolos Patrios, era parte de los arbustos que meses atr\u00e1s ya hab\u00edan sido revisados por expertos y dictaminados respecto a la necesidad de su tala, ya que desde hace tiempo hab\u00edan dejado de tener vida.<\/p>\n\n\n\n<p>La oposici\u00f3n de pseudo ambientalistas y la presentaci\u00f3n de recursos legales que aduc\u00edan da\u00f1os a la naturaleza, ha impedido que se intervengan tanto los \u00e1rboles muertos para retirarlos y evitar potenciales da\u00f1os a la ciudadan\u00eda -como el que ocurri\u00f3 este martes-, como aquellos que s\u00ed pueden ser tratados para que se mantengan con vida.<\/p>\n\n\n\n<p>Faltando a la verdad, se ha dicho que por la obra de modernizaci\u00f3n de la avenida S\u00edmbolos Patrios se pretend\u00edan talar m\u00e1s de mil 500 \u00e1rboles, cuando en realidad en toda la zona no existen m\u00e1s de 650 ejemplares, y en menos de 100 -entre ellos los \u00e1rboles muertos, que representan un peligro para las personas- ser\u00edan intervenidos, podados o talados, para realizar las obras de reacondicionamiento vial antes se\u00f1aladas.<\/p>\n\n\n\n<p>No obstante, esta oposici\u00f3n irracional ya provoc\u00f3 da\u00f1os al patrimonio de diversas familias oaxaque\u00f1as y mantiene latente el peligro para los oaxaque\u00f1os, de que los \u00e1rboles sin vida contin\u00faen sin ser intervenidos, m\u00e1xime en esta temporada en la que los vientos estacionales son m\u00e1s intensos que en otros momentos del a\u00f1o.<\/p>\n","protected":false},"excerpt":{"rendered":"<p>Redacci\u00f3n\/Zona Roja. Oaxaca de Ju\u00e1rez, Oax., 14 de diciembre de 2021.- Debido a las malas&hellip;<\/p>\n","protected":false},"author":2,"featured_media":35382,"comment_status":"closed","ping_status":"open","sticky":false,"template":"","format":"standard","meta":{"_lmt_disableupdate":"","_lmt_disable":"","_jetpack_memberships_contains_paid_content":false,"footnotes":""},"categories":[109,47],"tags":[2841],"class_list":["post-35381","post","type-post","status-publish","format-standard","has-post-thumbnail","hentry","category-minuto-a-minuto","category-zona-gris","tag-obras-avenida-simbolos-patrios-oaxaca"],"jetpack_featured_media_url":"https:\/\/zonaroja.com.mx\/wp-content\/uploads\/2021\/12\/Caida-arbol-Simbolos-Patrios.jpg","jetpack_sharing_enabled":true,"_links":{"self":[{"href":"https:\/\/zonaroja.com.mx\/index.php?rest_route=\/wp\/v2\/posts\/35381","targetHints":{"allow":["GET"]}}],"collection":[{"href":"https:\/\/zonaroja.com.mx\/index.php?rest_route=\/wp\/v2\/posts"}],"about":[{"href":"https:\/\/zonaroja.com.mx\/index.php?rest_route=\/wp\/v2\/types\/post"}],"author":[{"embeddable":true,"href":"https:\/\/zonaroja.com.mx\/index.php?rest_route=\/wp\/v2\/users\/2"}],"replies":[{"embeddable":true,"href":"https:\/\/zonaroja.com.mx\/index.php?rest_route=%2Fwp%2Fv2%2Fcomments&post=35381"}],"version-history":[{"count":1,"href":"https:\/\/zonaroja.com.mx\/index.php?rest_route=\/wp\/v2\/posts\/35381\/revisions"}],"predecessor-version":[{"id":35383,"href":"https:\/\/zonaroja.com.mx\/index.php?rest_route=\/wp\/v2\/posts\/35381\/revisions\/35383"}],"wp:featuredmedia":[{"embeddable":true,"href":"https:\/\/zonaroja.com.mx\/index.php?rest_route=\/wp\/v2\/media\/35382"}],"wp:attachment":[{"href":"https:\/\/zonaroja.com.mx\/index.php?rest_route=%2Fwp%2Fv2%2Fmedia&parent=35381"}],"wp:term":[{"taxonomy":"category","embeddable":true,"href":"https:\/\/zonaroja.com.mx\/index.php?rest_route=%2Fwp%2Fv2%2Fcategories&post=35381"},{"taxonomy":"post_tag","embeddable":true,"href":"https:\/\/zonaroja.com.mx\/index.php?rest_route=%2Fwp%2Fv2%2Ftags&post=35381"}],"curies":[{"name":"wp","href":"https:\/\/api.w.org\/{rel}","templated":true}]}}