{"id":3539,"date":"2019-08-30T17:39:55","date_gmt":"2019-08-30T22:39:55","guid":{"rendered":"http:\/\/www.zonaroja.com.mx\/?p=3539"},"modified":"2019-08-30T17:39:59","modified_gmt":"2019-08-30T22:39:59","slug":"simulacion-en-oaxaca-ante-feminicidios-piden-renuncia-de-fiscal-y-de-titular-de-smo","status":"publish","type":"post","link":"https:\/\/zonaroja.com.mx\/?p=3539","title":{"rendered":"Simulaci\u00f3n en Oaxaca ante feminicidios; piden renuncia de fiscal y de titular de SMO"},"content":{"rendered":"\n<p>Evlin\nArag\u00f3n\/Zona Roja.<\/p>\n\n\n\n<p>Oaxaca de\nJu\u00e1rez, Oax., 30 de agosto de 2019.- Feministas y mujeres de organizaciones de\nla sociedad civil protestaron este viernes en la capital de Oaxaca, para exigir\njusticia ante la ola de feminicidios que se registran en la entidad, pese a que\n40 municipios cuentan desde hace un a\u00f1o con la declaratoria de Alerta de\nViolencia de G\u00e9nero.<\/p>\n\n\n\n<p>Durante el\nacto simb\u00f3lico, denunciaron la simulaci\u00f3n, complicidad y omisi\u00f3n con la que\nact\u00faan las instituciones responsables de la prevenci\u00f3n, atenci\u00f3n, sanci\u00f3n y\nerradicaci\u00f3n de la violencia de g\u00e9nero, misma que han pagado con su vida 127\nmujeres y ni\u00f1as que han sido asesinadas del 30 de agosto del 2018 al d\u00eda de hoy\nen Oaxaca.<\/p>\n\n\n\n<p>As\u00ed mismo,\nexplicaron que el aumento de la violencia feminicida en Oaxaca se debe al\nincumplimiento por parte de los gobiernos federal, estatal y los 40 municipios\ncon Alerta de G\u00e9nero, de las acciones de emergencia que fueron mandatadas, como\nlo son las medidas de seguridad, de justicia y reparaci\u00f3n del da\u00f1o, y de\nprevenci\u00f3n de car\u00e1cter urgente.&nbsp; <\/p>\n\n\n\n<p>Explicaron que de acuerdo con el monitoreo que realizan de forma permanente, en este \u00faltimo a\u00f1o 127 mujeres han sido asesinadas de manera violenta, 65 por ciento de los casos se han registrados en los municipios que cuentan con la Alerta de Violencia de G\u00e9nero.<\/p>\n\n\n\n<figure class=\"wp-block-embed-twitter wp-block-embed is-type-rich is-provider-twitter\"><div class=\"wp-block-embed__wrapper\">\n<div class=\"twitter-tweet\"><blockquote class=\"twitter-tweet\" data-lang=\"es\"><p lang=\"es\" dir=\"ltr\"><a href=\"https:\/\/twitter.com\/hashtag\/OaxacaGris?src=hash&amp;ref_src=twsrc%5Etfw\">#OaxacaGris<\/a><br>El titular de <a href=\"https:\/\/twitter.com\/FISCALIA_GobOax?ref_src=twsrc%5Etfw\">@FISCALIA_GobOax<\/a>, <a href=\"https:\/\/twitter.com\/RVasconcelosM?ref_src=twsrc%5Etfw\">@RVasconcelosM<\/a>, \u201cha faltado el respeto a las familias de las v\u00edctimas\u201d, denuncian organizaciones sociales, al reprochar nulos resultados a un a\u00f1o de la Declararoria de Alerta de G\u00e9nero. Piden se considere su renuncia y de <a href=\"https:\/\/twitter.com\/anavasquezc?ref_src=twsrc%5Etfw\">@anavasquezc<\/a>. <a href=\"https:\/\/t.co\/bvlyAjgU3y\">pic.twitter.com\/bvlyAjgU3y<\/a><\/p>&mdash; Zona Roja Oaxaca (@MexRoja) <a href=\"https:\/\/twitter.com\/MexRoja\/status\/1167507723946201088?ref_src=twsrc%5Etfw\">30 de agosto de 2019<\/a><\/blockquote><\/div>\n<\/div><\/figure>\n\n\n\n<p>El Istmo,\nCosta y Papaloapan son las regiones que m\u00e1s feminicidios registran, siendo el\nasesinato por armas de fuego, apu\u00f1alamiento y golpes las principales formas en\nlas que son asesinadas las mujeres en territorio oaxaque\u00f1o.<\/p>\n\n\n\n<p>\u201cLa realidad\nque vivimos en Oaxaca dista mucho de lo que las autoridades plantean y se\u00f1alan\nhaber hecho, podemos afirmar que la entidad no cuenta con Pol\u00edticas P\u00fablicas en\nmateria de atenci\u00f3n, sanci\u00f3n y erradicaci\u00f3n de la violencia contra las\nmujeres\u201d, denunciaron.<\/p>\n\n\n\n<p>Por todo lo anterior exigieron que el Gobierno del Estado haga p\u00fablico el presupuesto destinado a cada instancia para la implementaci\u00f3n de la Alerta de Violencia de G\u00e9nero y los indicadores de efectividad de las acciones implementadas con el mismo.<\/p>\n\n\n\n<figure class=\"wp-block-image\"><img decoding=\"async\" width=\"907\" height=\"510\" src=\"http:\/\/www.zonaroja.com.mx\/wp-content\/uploads\/2019\/08\/fem-1.jpg\" alt=\"\" class=\"wp-image-3541\" srcset=\"https:\/\/zonaroja.com.mx\/wp-content\/uploads\/2019\/08\/fem-1.jpg 907w, https:\/\/zonaroja.com.mx\/wp-content\/uploads\/2019\/08\/fem-1-300x169.jpg 300w, https:\/\/zonaroja.com.mx\/wp-content\/uploads\/2019\/08\/fem-1-768x432.jpg 768w, https:\/\/zonaroja.com.mx\/wp-content\/uploads\/2019\/08\/fem-1-585x329.jpg 585w\" sizes=\"(max-width: 907px) 100vw, 907px\" \/><\/figure>\n\n\n\n<p>As\u00ed como la\ndestituci\u00f3n del funcionariado p\u00fablico que no est\u00e1 a la altura de la gravedad de\nla violencia feminicida, de forma particular en instancias como la Fiscal\u00eda\nGeneral de Oaxaca y la Secretar\u00eda de las Mujeres Oaxaque\u00f1as a cargo de Rub\u00e9n\nVasconcelos y Ana V\u00e1squez, respectivamente.<\/p>\n\n\n\n<p>\u201cNo es la\nprimera vez que pedimos la renuncia del fiscal, debido a que le ha faltado el\nrespeto a las familias de los deudos al no hacer las investigaciones, tal caso\ndel asesinato de Mar\u00eda del Sol, hija de la periodista Soledad Jarqu\u00edn. Los\nmismos funcionarios deber\u00edan renunciar, tener una actitud digna y asumir que no\npueden con el paquete\u201d, sentenciaron ante la pregunta de la prensa.<\/p>\n\n\n\n<p>Finalmente,\ncuestionaron que la omisi\u00f3n de la Fiscal\u00eda se traduzca en la mala aplicaci\u00f3n de\nlos protocolos en investigaciones de casos de feminicidios, los cuales despu\u00e9s\n\u00fanicamente son considerados como homicidios, arrastrando as\u00ed la impunidad y la\nfalta de justicia hacia las mujeres.<\/p>\n","protected":false},"excerpt":{"rendered":"<p>Evlin Arag\u00f3n\/Zona Roja. Oaxaca de Ju\u00e1rez, Oax., 30 de agosto de 2019.- Feministas y mujeres&hellip;<\/p>\n","protected":false},"author":2,"featured_media":3540,"comment_status":"closed","ping_status":"open","sticky":false,"template":"","format":"standard","meta":{"_lmt_disableupdate":"","_lmt_disable":"","_jetpack_memberships_contains_paid_content":false,"footnotes":""},"categories":[109,47],"tags":[610,494,170],"class_list":["post-3539","post","type-post","status-publish","format-standard","has-post-thumbnail","hentry","category-minuto-a-minuto","category-zona-gris","tag-feminicidios-oaxaca","tag-fiscalia-general-del-estado-de-oaxaca","tag-ruben-vasconcelos-mendez"],"jetpack_featured_media_url":"https:\/\/zonaroja.com.mx\/wp-content\/uploads\/2019\/08\/IMG_3278.jpg","jetpack_sharing_enabled":true,"_links":{"self":[{"href":"https:\/\/zonaroja.com.mx\/index.php?rest_route=\/wp\/v2\/posts\/3539","targetHints":{"allow":["GET"]}}],"collection":[{"href":"https:\/\/zonaroja.com.mx\/index.php?rest_route=\/wp\/v2\/posts"}],"about":[{"href":"https:\/\/zonaroja.com.mx\/index.php?rest_route=\/wp\/v2\/types\/post"}],"author":[{"embeddable":true,"href":"https:\/\/zonaroja.com.mx\/index.php?rest_route=\/wp\/v2\/users\/2"}],"replies":[{"embeddable":true,"href":"https:\/\/zonaroja.com.mx\/index.php?rest_route=%2Fwp%2Fv2%2Fcomments&post=3539"}],"version-history":[{"count":1,"href":"https:\/\/zonaroja.com.mx\/index.php?rest_route=\/wp\/v2\/posts\/3539\/revisions"}],"predecessor-version":[{"id":3542,"href":"https:\/\/zonaroja.com.mx\/index.php?rest_route=\/wp\/v2\/posts\/3539\/revisions\/3542"}],"wp:featuredmedia":[{"embeddable":true,"href":"https:\/\/zonaroja.com.mx\/index.php?rest_route=\/wp\/v2\/media\/3540"}],"wp:attachment":[{"href":"https:\/\/zonaroja.com.mx\/index.php?rest_route=%2Fwp%2Fv2%2Fmedia&parent=3539"}],"wp:term":[{"taxonomy":"category","embeddable":true,"href":"https:\/\/zonaroja.com.mx\/index.php?rest_route=%2Fwp%2Fv2%2Fcategories&post=3539"},{"taxonomy":"post_tag","embeddable":true,"href":"https:\/\/zonaroja.com.mx\/index.php?rest_route=%2Fwp%2Fv2%2Ftags&post=3539"}],"curies":[{"name":"wp","href":"https:\/\/api.w.org\/{rel}","templated":true}]}}