{"id":35395,"date":"2021-12-15T07:29:17","date_gmt":"2021-12-15T13:29:17","guid":{"rendered":"http:\/\/www.zonaroja.com.mx\/?p=35395"},"modified":"2021-12-15T07:29:21","modified_gmt":"2021-12-15T13:29:21","slug":"identifican-a-los-tres-ejecutados-en-juchitan-oaxaca","status":"publish","type":"post","link":"https:\/\/zonaroja.com.mx\/?p=35395","title":{"rendered":"Identifican a los tres ejecutados en Juchit\u00e1n, Oaxaca"},"content":{"rendered":"\n<p>Redacci\u00f3n\/Zona Roja.<\/p>\n\n\n\n<p>Oaxaca de Ju\u00e1rez, Oax., 15 de diciembre de 2021.- Como Omar R., Gustavo N. y Jos\u00e9 Luis alias \u201cEl Cheui\u201d, fueron identificadas de manera preliminar las tres personas ejecutadas anoche en el interior de un bar, en La Ventosa, agencia de Juchit\u00e1n de Zaragoza, Oaxaca.<\/p>\n\n\n\n<p>Asimismo, en el ataque armado resultaron lesionados Citlali T.R., y el polic\u00eda, Miguel \u00c1ngel L.V., quienes fueron canalizados a un hospital, donde los reportan este d\u00eda, delicados de salud.<\/p>\n\n\n\n<p>La agresi\u00f3n a balazos ocurri\u00f3 en el denominado \u201cLa cantina de la se\u00f1ora Sonia\u201d, donde ingresaron varios sujetos para disparar en contra de los clientes, pero principalmente los tres individuos citados, que vest\u00edan playeras deportivas.<\/p>\n\n\n\n<p>Polic\u00edas municipales y estatales arribaron al lugar de los hechos para efectuar operativos de b\u00fasqueda, sin \u00e9xito hasta ahora, mientras que le Vicefiscal\u00eda Regional del Istmo inici\u00f3 las indagatorias correspondientes.<\/p>\n","protected":false},"excerpt":{"rendered":"<p>Redacci\u00f3n\/Zona Roja. Oaxaca de Ju\u00e1rez, Oax., 15 de diciembre de 2021.- Como Omar R., Gustavo&hellip;<\/p>\n","protected":false},"author":2,"featured_media":35396,"comment_status":"closed","ping_status":"open","sticky":false,"template":"","format":"standard","meta":{"_lmt_disableupdate":"","_lmt_disable":"","_jetpack_memberships_contains_paid_content":false,"footnotes":""},"categories":[109,51],"tags":[123],"class_list":["post-35395","post","type-post","status-publish","format-standard","has-post-thumbnail","hentry","category-minuto-a-minuto","category-zona-roja","tag-juchitan-de-zaragoza"],"jetpack_featured_media_url":"https:\/\/zonaroja.com.mx\/wp-content\/uploads\/2021\/12\/Ejecutados-La-Ventosa-Juchitan.jpg","jetpack_sharing_enabled":true,"_links":{"self":[{"href":"https:\/\/zonaroja.com.mx\/index.php?rest_route=\/wp\/v2\/posts\/35395","targetHints":{"allow":["GET"]}}],"collection":[{"href":"https:\/\/zonaroja.com.mx\/index.php?rest_route=\/wp\/v2\/posts"}],"about":[{"href":"https:\/\/zonaroja.com.mx\/index.php?rest_route=\/wp\/v2\/types\/post"}],"author":[{"embeddable":true,"href":"https:\/\/zonaroja.com.mx\/index.php?rest_route=\/wp\/v2\/users\/2"}],"replies":[{"embeddable":true,"href":"https:\/\/zonaroja.com.mx\/index.php?rest_route=%2Fwp%2Fv2%2Fcomments&post=35395"}],"version-history":[{"count":1,"href":"https:\/\/zonaroja.com.mx\/index.php?rest_route=\/wp\/v2\/posts\/35395\/revisions"}],"predecessor-version":[{"id":35397,"href":"https:\/\/zonaroja.com.mx\/index.php?rest_route=\/wp\/v2\/posts\/35395\/revisions\/35397"}],"wp:featuredmedia":[{"embeddable":true,"href":"https:\/\/zonaroja.com.mx\/index.php?rest_route=\/wp\/v2\/media\/35396"}],"wp:attachment":[{"href":"https:\/\/zonaroja.com.mx\/index.php?rest_route=%2Fwp%2Fv2%2Fmedia&parent=35395"}],"wp:term":[{"taxonomy":"category","embeddable":true,"href":"https:\/\/zonaroja.com.mx\/index.php?rest_route=%2Fwp%2Fv2%2Fcategories&post=35395"},{"taxonomy":"post_tag","embeddable":true,"href":"https:\/\/zonaroja.com.mx\/index.php?rest_route=%2Fwp%2Fv2%2Ftags&post=35395"}],"curies":[{"name":"wp","href":"https:\/\/api.w.org\/{rel}","templated":true}]}}