{"id":35400,"date":"2021-12-15T07:55:29","date_gmt":"2021-12-15T13:55:29","guid":{"rendered":"http:\/\/www.zonaroja.com.mx\/?p=35400"},"modified":"2021-12-15T07:55:32","modified_gmt":"2021-12-15T13:55:32","slug":"analizan-alianza-pri-pan-prd-en-oaxaca-y-quintana-roo-van-en-4-entidades","status":"publish","type":"post","link":"https:\/\/zonaroja.com.mx\/?p=35400","title":{"rendered":"Analizan alianza PRI-PAN-PRD en Oaxaca y Quintana Roo; van en 4 entidades"},"content":{"rendered":"\n<p>Redacci\u00f3n\/Zona Roja Cdmx.<\/p>\n\n\n\n<p>Ciudad de M\u00e9xico, 15 de diciembre de 2021.- Las dirigencias de los partidos Acci\u00f3n Nacional (PAN), de la Revoluci\u00f3n Democr\u00e1tica (PRD) y Revolucionario Institucional (PRI), analizan a\u00fan la conformaci\u00f3n de una alianza por la gubernatura de Oaxaca.<\/p>\n\n\n\n<p>Sin embargo, en la entidad, desde hace m\u00e1s de un mes la directiva perredista ha propalado que ir\u00e1n solos en la contienda por la titularidad del Poder Ejecutivo, cuya elecci\u00f3n se realizar\u00e1 el pr\u00f3ximo 5 de junio.<\/p>\n\n\n\n<p>El PRI estatal, que preside Eviel P\u00e9rez Maga\u00f1a, y el PAN que encabeza Natividad D\u00edaz Jim\u00e9nez, han guardado silencio al respecto.<\/p>\n\n\n\n<p>En tanto ayer, en la ciudad de M\u00e9xico la alianza \u201cVa por M\u00e9xico\u201d, conformada por el PAN, PRI y PRD, acordaron ir en alianza en cuatro de los seis estados con elecci\u00f3n a gobernador en 2022.<\/p>\n\n\n\n<p>Se trata de Aguascalientes, Durango, Hidalgo y Tamaulipas, donde los tres partidos van en coalici\u00f3n, en alguna modalidad de alianza electoral, coalici\u00f3n o candidatura com\u00fan.<\/p>\n\n\n\n<p>Mientras que en Oaxaca y en Quintana Roo a\u00fan est\u00e1n en pl\u00e1ticas para formalizar la uni\u00f3n, destacaron ayer en conferencia los l\u00edderes del PAN, Marko Cort\u00e9s; del PRI, Alejandro Moreno C\u00e1rdenas, y del PRD, Jes\u00fas Zambrano.<\/p>\n\n\n\n<p>Seg\u00fan el panista, la intenci\u00f3n es \u201cevitar que el mal gobierno morenista llegue y destruya los avances logrados en las entidades federativas, como lo ha hecho para resistir las reformas regresivas y destructivas del gobierno federal\u00bb.<\/p>\n\n\n\n<p>Los dirigentes de los partidos acordaron seguir en pl\u00e1ticas para definir los m\u00e9todos para elegir a los candidatos que abanderar\u00e1n las alianzas.<\/p>\n","protected":false},"excerpt":{"rendered":"<p>Redacci\u00f3n\/Zona Roja Cdmx. Ciudad de M\u00e9xico, 15 de diciembre de 2021.- Las dirigencias de los&hellip;<\/p>\n","protected":false},"author":2,"featured_media":35401,"comment_status":"closed","ping_status":"open","sticky":false,"template":"","format":"standard","meta":{"_lmt_disableupdate":"","_lmt_disable":"","_jetpack_memberships_contains_paid_content":false,"footnotes":""},"categories":[109,46],"tags":[],"class_list":["post-35400","post","type-post","status-publish","format-standard","has-post-thumbnail","hentry","category-minuto-a-minuto","category-zona-blanca"],"jetpack_featured_media_url":"https:\/\/zonaroja.com.mx\/wp-content\/uploads\/2021\/12\/Alianza-PRI-PAN-PRD.jpg","jetpack_sharing_enabled":true,"_links":{"self":[{"href":"https:\/\/zonaroja.com.mx\/index.php?rest_route=\/wp\/v2\/posts\/35400","targetHints":{"allow":["GET"]}}],"collection":[{"href":"https:\/\/zonaroja.com.mx\/index.php?rest_route=\/wp\/v2\/posts"}],"about":[{"href":"https:\/\/zonaroja.com.mx\/index.php?rest_route=\/wp\/v2\/types\/post"}],"author":[{"embeddable":true,"href":"https:\/\/zonaroja.com.mx\/index.php?rest_route=\/wp\/v2\/users\/2"}],"replies":[{"embeddable":true,"href":"https:\/\/zonaroja.com.mx\/index.php?rest_route=%2Fwp%2Fv2%2Fcomments&post=35400"}],"version-history":[{"count":1,"href":"https:\/\/zonaroja.com.mx\/index.php?rest_route=\/wp\/v2\/posts\/35400\/revisions"}],"predecessor-version":[{"id":35402,"href":"https:\/\/zonaroja.com.mx\/index.php?rest_route=\/wp\/v2\/posts\/35400\/revisions\/35402"}],"wp:featuredmedia":[{"embeddable":true,"href":"https:\/\/zonaroja.com.mx\/index.php?rest_route=\/wp\/v2\/media\/35401"}],"wp:attachment":[{"href":"https:\/\/zonaroja.com.mx\/index.php?rest_route=%2Fwp%2Fv2%2Fmedia&parent=35400"}],"wp:term":[{"taxonomy":"category","embeddable":true,"href":"https:\/\/zonaroja.com.mx\/index.php?rest_route=%2Fwp%2Fv2%2Fcategories&post=35400"},{"taxonomy":"post_tag","embeddable":true,"href":"https:\/\/zonaroja.com.mx\/index.php?rest_route=%2Fwp%2Fv2%2Ftags&post=35400"}],"curies":[{"name":"wp","href":"https:\/\/api.w.org\/{rel}","templated":true}]}}