{"id":35403,"date":"2021-12-15T08:02:41","date_gmt":"2021-12-15T14:02:41","guid":{"rendered":"http:\/\/www.zonaroja.com.mx\/?p=35403"},"modified":"2021-12-15T08:02:46","modified_gmt":"2021-12-15T14:02:46","slug":"suspende-scjn-parcialmente-acuerdo-de-amlo-que-oculta-informacion-de-megaproyectos","status":"publish","type":"post","link":"https:\/\/zonaroja.com.mx\/?p=35403","title":{"rendered":"Suspende SCJN parcialmente acuerdo de AMLO que oculta informaci\u00f3n de megaproyectos"},"content":{"rendered":"\n<p>Redacci\u00f3n\/Zona Roja Cdmx.<\/p>\n\n\n\n<p>Ciudad de M\u00e9xico, 15 de diciembre de 2021.- La Suprema Corte de Justicia de la Naci\u00f3n (SCJN) suspendi\u00f3 parcialmente la aplicaci\u00f3n del acuerdo presidencial que clasific\u00f3 como de inter\u00e9s p\u00fablico y seguridad nacional los proyectos y obras prioritarios y estrat\u00e9gicos del gobierno federal.<\/p>\n\n\n\n<p>Por ahora solo evitar\u00e1 que se clasifique como reservada, por razones de seguridad nacional, la informaci\u00f3n p\u00fablica sobre dichos proyectos, seg\u00fan se se\u00f1ala en el acuerdo respectivo:<\/p>\n\n\n\n<p>\u201cEs procedente la suspensi\u00f3n para que se suspendan todos los efectos y las consecuencias del acuerdo impugnado que deriven en catalogar la informaci\u00f3n detallada en \u00e9ste como de inter\u00e9s p\u00fablico y\/o seguridad nacional, sin cumplir con los supuestos que las leyes respectivas prev\u00e9n para ese efecto.\u201d<\/p>\n\n\n\n<p>Mientras est\u00e9 vigente esta suspensi\u00f3n, si el gobierno federal quiere mantener en reserva alguna informaci\u00f3n sobre proyectos como el Tren Maya, el Aeropuerto Internacional Felipe \u00c1ngeles o el Corredor Interoce\u00e1nico del Istmo de Tehuantepec, las autoridades a quienes se requieran dichos datos tendr\u00e1n que argumentar legalmente las razones de seguridad nacional que sustenten su decisi\u00f3n.<\/p>\n\n\n\n<p>Estas suspensiones fueron concedidas al admitir a tr\u00e1mite la controversia solicitada por el Instituto Nacional de Transparencia, Acceso a la Informaci\u00f3n y Protecci\u00f3n de Datos Personales (INAI) quien combate el acuerdo presidencial publicado el 22 de noviembre pasado. La suspensi\u00f3n es s\u00f3lo una medida cautelar, y estar\u00e1 vigente hasta que la SCJN resuelva si el acuerdo presidencial es o no constitucional.<\/p>\n\n\n\n<p>(Informaci\u00f3n de Pol\u00edtica MX)<\/p>\n","protected":false},"excerpt":{"rendered":"<p>Redacci\u00f3n\/Zona Roja Cdmx. Ciudad de M\u00e9xico, 15 de diciembre de 2021.- La Suprema Corte de&hellip;<\/p>\n","protected":false},"author":2,"featured_media":35404,"comment_status":"closed","ping_status":"open","sticky":false,"template":"","format":"standard","meta":{"_lmt_disableupdate":"","_lmt_disable":"","_jetpack_memberships_contains_paid_content":false,"footnotes":""},"categories":[109,46],"tags":[2878],"class_list":["post-35403","post","type-post","status-publish","format-standard","has-post-thumbnail","hentry","category-minuto-a-minuto","category-zona-blanca","tag-suprema-corte-de-justicia-de-la-nacion-scjn"],"jetpack_featured_media_url":"https:\/\/zonaroja.com.mx\/wp-content\/uploads\/2021\/12\/SCJN-sesion.jpg","jetpack_sharing_enabled":true,"_links":{"self":[{"href":"https:\/\/zonaroja.com.mx\/index.php?rest_route=\/wp\/v2\/posts\/35403","targetHints":{"allow":["GET"]}}],"collection":[{"href":"https:\/\/zonaroja.com.mx\/index.php?rest_route=\/wp\/v2\/posts"}],"about":[{"href":"https:\/\/zonaroja.com.mx\/index.php?rest_route=\/wp\/v2\/types\/post"}],"author":[{"embeddable":true,"href":"https:\/\/zonaroja.com.mx\/index.php?rest_route=\/wp\/v2\/users\/2"}],"replies":[{"embeddable":true,"href":"https:\/\/zonaroja.com.mx\/index.php?rest_route=%2Fwp%2Fv2%2Fcomments&post=35403"}],"version-history":[{"count":1,"href":"https:\/\/zonaroja.com.mx\/index.php?rest_route=\/wp\/v2\/posts\/35403\/revisions"}],"predecessor-version":[{"id":35405,"href":"https:\/\/zonaroja.com.mx\/index.php?rest_route=\/wp\/v2\/posts\/35403\/revisions\/35405"}],"wp:featuredmedia":[{"embeddable":true,"href":"https:\/\/zonaroja.com.mx\/index.php?rest_route=\/wp\/v2\/media\/35404"}],"wp:attachment":[{"href":"https:\/\/zonaroja.com.mx\/index.php?rest_route=%2Fwp%2Fv2%2Fmedia&parent=35403"}],"wp:term":[{"taxonomy":"category","embeddable":true,"href":"https:\/\/zonaroja.com.mx\/index.php?rest_route=%2Fwp%2Fv2%2Fcategories&post=35403"},{"taxonomy":"post_tag","embeddable":true,"href":"https:\/\/zonaroja.com.mx\/index.php?rest_route=%2Fwp%2Fv2%2Ftags&post=35403"}],"curies":[{"name":"wp","href":"https:\/\/api.w.org\/{rel}","templated":true}]}}