{"id":35406,"date":"2021-12-15T08:06:19","date_gmt":"2021-12-15T14:06:19","guid":{"rendered":"http:\/\/www.zonaroja.com.mx\/?p=35406"},"modified":"2021-12-15T08:06:23","modified_gmt":"2021-12-15T14:06:23","slug":"titular-del-poder-judicial-de-oaxaca-rinde-hoy-segundo-informe-de-actividades","status":"publish","type":"post","link":"https:\/\/zonaroja.com.mx\/?p=35406","title":{"rendered":"Titular del Poder Judicial de Oaxaca rinde hoy segundo informe de actividades"},"content":{"rendered":"\n<p>Redacci\u00f3n\/Zona Roja.<\/p>\n\n\n\n<p>Oaxaca de Ju\u00e1rez, Oax., 15 de diciembre de 2021.- Para la administraci\u00f3n del magistrado Eduardo Pinacho S\u00e1nchez, dar a conocer los avances en materia de impartici\u00f3n de justicia es un camino que la instituci\u00f3n que permanece activa, ha construido bajo los objetivos espec\u00edficos de humanizar, dignificar y fortalecer la atenci\u00f3n a la sociedad.<\/p>\n\n\n\n<p>Como lo establece la fracci\u00f3n XIII del art\u00edculo 17 de la Ley Org\u00e1nica del Poder Judicial del Estado, este mi\u00e9rcoles 15 de diciembre, en Sesi\u00f3n Solemne conjunta del Pleno del Tribunal Superior de Justicia y del Consejo de la Judicatura, el Magistrado Presidente rendir\u00e1 su Segundo Informe de Actividades.<\/p>\n\n\n\n<p>En la ceremonia, que ser\u00e1 transmitida por Corporaci\u00f3n Oaxaque\u00f1a de Radio y Televisi\u00f3n (CORTV), se dar\u00e1 cuenta de los logros y avances en la impartici\u00f3n de justicia durante los \u00faltimos doce meses, en los que la innovaci\u00f3n, uso de las tecnolog\u00edas y el desarrollo humano han sido pilares fundamentales.<\/p>\n\n\n\n<p>A trav\u00e9s de un video, que se encuentra en el enlace https:\/\/fb.watch\/9V039xZMdH\/, el magistrado Eduardo Pinacho S\u00e1nchez se\u00f1al\u00f3 que mediante de cinco ejes transversales su administraci\u00f3n contin\u00faa trabajando para construir un mejor sistema de justicia en Oaxaca.<\/p>\n\n\n\n<p>La sociedad en general podr\u00e1 seguir la sesi\u00f3n solemne, a partir de las 11:50 horas, en las redes sociales Facebook de la CORTV https:\/\/www.facebook.com\/cortv\/ y del Tribunal Superior de Justicia del Estado https:\/\/www.facebook.com\/TSJOAX; as\u00ed como twitter @cortv https.\/\/twitter.com\/cortv y @TSJOAXACA https\/\/twitter.com\/tsjoaxaca.<\/p>\n\n\n\n<p>En televisi\u00f3n, el Segundo Informe de Actividades ser\u00e1 transmitido por la se\u00f1al de CORTV, en el canal 9.1 HD y se repetir\u00e1 el s\u00e1bado 18 de diciembre a las 14:30 horas.<\/p>\n","protected":false},"excerpt":{"rendered":"<p>Redacci\u00f3n\/Zona Roja. Oaxaca de Ju\u00e1rez, Oax., 15 de diciembre de 2021.- Para la administraci\u00f3n del&hellip;<\/p>\n","protected":false},"author":2,"featured_media":35302,"comment_status":"closed","ping_status":"open","sticky":false,"template":"","format":"standard","meta":{"_lmt_disableupdate":"","_lmt_disable":"","_jetpack_memberships_contains_paid_content":false,"footnotes":""},"categories":[109,46],"tags":[1225],"class_list":["post-35406","post","type-post","status-publish","format-standard","has-post-thumbnail","hentry","category-minuto-a-minuto","category-zona-blanca","tag-eduardo-pinacho-sanchez"],"jetpack_featured_media_url":"https:\/\/zonaroja.com.mx\/wp-content\/uploads\/2021\/12\/Magistrado-Eduardo-Pinacho-Sanchez.jpg","jetpack_sharing_enabled":true,"_links":{"self":[{"href":"https:\/\/zonaroja.com.mx\/index.php?rest_route=\/wp\/v2\/posts\/35406","targetHints":{"allow":["GET"]}}],"collection":[{"href":"https:\/\/zonaroja.com.mx\/index.php?rest_route=\/wp\/v2\/posts"}],"about":[{"href":"https:\/\/zonaroja.com.mx\/index.php?rest_route=\/wp\/v2\/types\/post"}],"author":[{"embeddable":true,"href":"https:\/\/zonaroja.com.mx\/index.php?rest_route=\/wp\/v2\/users\/2"}],"replies":[{"embeddable":true,"href":"https:\/\/zonaroja.com.mx\/index.php?rest_route=%2Fwp%2Fv2%2Fcomments&post=35406"}],"version-history":[{"count":1,"href":"https:\/\/zonaroja.com.mx\/index.php?rest_route=\/wp\/v2\/posts\/35406\/revisions"}],"predecessor-version":[{"id":35407,"href":"https:\/\/zonaroja.com.mx\/index.php?rest_route=\/wp\/v2\/posts\/35406\/revisions\/35407"}],"wp:featuredmedia":[{"embeddable":true,"href":"https:\/\/zonaroja.com.mx\/index.php?rest_route=\/wp\/v2\/media\/35302"}],"wp:attachment":[{"href":"https:\/\/zonaroja.com.mx\/index.php?rest_route=%2Fwp%2Fv2%2Fmedia&parent=35406"}],"wp:term":[{"taxonomy":"category","embeddable":true,"href":"https:\/\/zonaroja.com.mx\/index.php?rest_route=%2Fwp%2Fv2%2Fcategories&post=35406"},{"taxonomy":"post_tag","embeddable":true,"href":"https:\/\/zonaroja.com.mx\/index.php?rest_route=%2Fwp%2Fv2%2Ftags&post=35406"}],"curies":[{"name":"wp","href":"https:\/\/api.w.org\/{rel}","templated":true}]}}