{"id":35410,"date":"2021-12-15T08:27:42","date_gmt":"2021-12-15T14:27:42","guid":{"rendered":"http:\/\/www.zonaroja.com.mx\/?p=35410"},"modified":"2021-12-15T08:27:45","modified_gmt":"2021-12-15T14:27:45","slug":"presenta-ges-mujer-cooperativa-de-economia-social-y-solidaria","status":"publish","type":"post","link":"https:\/\/zonaroja.com.mx\/?p=35410","title":{"rendered":"Presenta GES Mujer cooperativa de econom\u00eda social y solidaria"},"content":{"rendered":"\n<p>Redacci\u00f3n\/Zona Roja.<\/p>\n\n\n\n<p>Oaxaca de Ju\u00e1rez, Oax., 15 de diciembre de 2021.- El despido laboral o la reducci\u00f3n de empleos a causa de la pandemia que se conjugan con la precariedad salarial y los graves impactos sociales que dificultan a las mujeres salir del c\u00edrculo de la violencia, por lo que el Grupo de estudios sobre la mujer construy\u00f3 la Cooperativa Social y Solidaria para las Mujeres Oaxaque\u00f1as (ESMIO).<\/p>\n\n\n\n<p>De acuerdo con datos de la Encuesta Nacional de Ocupaci\u00f3n y Empleo (ENOE,INEGI 2021), Oaxaca tiene la tasa m\u00e1s alta de empleo informal con el 80.7 por ciento, seguido de los vecinos estados de Chiapas con el 76.6 por ciento y Guerrero con el 75.5 por ciento.<\/p>\n\n\n\n<p>Entre los impactos sociales producidos alrededor de la Covid-19 est\u00e1 el incremento del 35 por ciento de la violencia contra las mujeres y las ni\u00f1as en los espacios familiares a nivel nacional y estatal, porque conviven con su agresor las 24 horas del d\u00eda.<\/p>\n\n\n\n<p>\u201cEn el GES Mujer sabemos que uno de los aspectos que preocupan a las mujeres y que dificultan que salgan del c\u00edrculo de la violencia es la \u201cdependencia econ\u00f3mica\u201d, aunque muchas veces son ellas quienes sustentan la base econ\u00f3mica de la familia, sin que sea reconocido, por eso desde hace un a\u00f1o hemos venido construyendo la Cooperativa Social y Solidaria para las mujeres oaxaque\u00f1as&nbsp; ESMIO, con el lema, \u201cEs m\u00edo, es tuyo, es de todas\u201d, afirm\u00f3 la presidenta del GES Mujer, Ang\u00e9lica Ayala Ortiz.<\/p>\n\n\n\n<p>Durante la presentaci\u00f3n de esta cooperativa, se detall\u00f3 que busca crear una red con productoras comunitarias para impactar en la econom\u00eda familiar y fortalecer los derechos econ\u00f3micos de las mujeres de Oaxaca.<\/p>\n\n\n\n<p>Al mismo tiempo se busca impulsar un modelo de emprendimiento cooperativista que sirva como herramienta de apoyo para las productoras que se enfrentan a las dificultades de comercializaci\u00f3n por falta de acceso a redes o canales digitales, entre otras situaciones.<\/p>\n\n\n\n<p>La coordinadora de la Cooperativa ESMIO, Soledad Venegas Nava, resalt\u00f3 la importancia de la econom\u00eda feminista, una vez que pone en el centro la vida de las personas, con \u00e9nfasis en la econom\u00eda que impulsan las mujeres; es consiente sobre la manera en c\u00f3mo se produce y el poder de consumo que tienen todas las mujeres.<\/p>\n\n\n\n<p>\u201cEconom\u00eda feminista es cuidar la cadena del comercio justo, as\u00ed como la salud de las mujeres, su familia y las comunidades. Nuestra prioridad ser\u00e1 eso, equilibrar la calidad de vida humana y la armon\u00eda con el medioambiente, aspectos que el capitalismo ha olvidado\u201d, destac\u00f3 Venegas Nava.<\/p>\n\n\n\n<p>En esta sinercia de ESMIO y GES Mujer se brindar\u00e1n herramientas te\u00f3rico pr\u00e1cticas sobre cooperativismo y procesos organizativos para las mujeres interesadas en el estudio y promoci\u00f3n de la econom\u00eda sostenible, feminista y que promueva los productos de grupos de artesanas para que sean comercializados a trav\u00e9s de la tienda en l\u00ednea www.gesmujer.og\/sitio\/tienda.<\/p>\n\n\n\n<p>Esta tienda ser\u00e1 un canal para que las artesanas tengan un espacio de promoci\u00f3n y distribuci\u00f3n al p\u00fablico en general, pero especialmente con la gran red de donantes y p\u00fablico en permanente comunicaci\u00f3n con GES Mujer.<\/p>\n\n\n\n<p>Al momento se ha firmado convenio de colaboraci\u00f3n con el grupo de artesanas textiles de la comunidad de Yucuhiti en la regi\u00f3n de la Mixteca, as\u00ed como las productoras de caf\u00e9 Caldo Negro, sus productos son ofertados en paquetes de regalo decembrino, como un medio alterno de consumir local basado en el comercio justo.<\/p>\n\n\n\n<p>La invitaci\u00f3n est\u00e1 abierta a m\u00e1s grupos de artesanas o productoras se acerquen y conozcan la cooperativa ESMIO que se fundamenta en la econom\u00eda social, el comercio justo, sustentable y de respeto a la naturaleza, impulsando la justicia de g\u00e9nero y erradicar todo tipo de violencias, entre ellas la econ\u00f3mica.<\/p>\n\n\n\n<p>Las personas interesadas en participar en esta cooperativa o adquirir alguno de los productos pueden acercarse a las oficinas del GES Mujer que se ubican en la tercera privada de Guadalupe Victoria n\u00famero 107, en la Colonia Libertad, en el municipio de Oaxaca de Ju\u00e1rez, comunicarse al (951) 5166810 o al correo electr\u00f3nico: cooperativacomunitaria@gesmujer.org.<\/p>\n","protected":false},"excerpt":{"rendered":"<p>Redacci\u00f3n\/Zona Roja. Oaxaca de Ju\u00e1rez, Oax., 15 de diciembre de 2021.- El despido laboral o&hellip;<\/p>\n","protected":false},"author":2,"featured_media":35411,"comment_status":"closed","ping_status":"open","sticky":false,"template":"","format":"standard","meta":{"_lmt_disableupdate":"","_lmt_disable":"","_jetpack_memberships_contains_paid_content":false,"footnotes":""},"categories":[109,46],"tags":[524],"class_list":["post-35410","post","type-post","status-publish","format-standard","has-post-thumbnail","hentry","category-minuto-a-minuto","category-zona-blanca","tag-ges-mujer"],"jetpack_featured_media_url":"https:\/\/zonaroja.com.mx\/wp-content\/uploads\/2021\/12\/GES-Mujer-presentacion-iniciativa-cooperativa.jpg","jetpack_sharing_enabled":true,"_links":{"self":[{"href":"https:\/\/zonaroja.com.mx\/index.php?rest_route=\/wp\/v2\/posts\/35410","targetHints":{"allow":["GET"]}}],"collection":[{"href":"https:\/\/zonaroja.com.mx\/index.php?rest_route=\/wp\/v2\/posts"}],"about":[{"href":"https:\/\/zonaroja.com.mx\/index.php?rest_route=\/wp\/v2\/types\/post"}],"author":[{"embeddable":true,"href":"https:\/\/zonaroja.com.mx\/index.php?rest_route=\/wp\/v2\/users\/2"}],"replies":[{"embeddable":true,"href":"https:\/\/zonaroja.com.mx\/index.php?rest_route=%2Fwp%2Fv2%2Fcomments&post=35410"}],"version-history":[{"count":1,"href":"https:\/\/zonaroja.com.mx\/index.php?rest_route=\/wp\/v2\/posts\/35410\/revisions"}],"predecessor-version":[{"id":35412,"href":"https:\/\/zonaroja.com.mx\/index.php?rest_route=\/wp\/v2\/posts\/35410\/revisions\/35412"}],"wp:featuredmedia":[{"embeddable":true,"href":"https:\/\/zonaroja.com.mx\/index.php?rest_route=\/wp\/v2\/media\/35411"}],"wp:attachment":[{"href":"https:\/\/zonaroja.com.mx\/index.php?rest_route=%2Fwp%2Fv2%2Fmedia&parent=35410"}],"wp:term":[{"taxonomy":"category","embeddable":true,"href":"https:\/\/zonaroja.com.mx\/index.php?rest_route=%2Fwp%2Fv2%2Fcategories&post=35410"},{"taxonomy":"post_tag","embeddable":true,"href":"https:\/\/zonaroja.com.mx\/index.php?rest_route=%2Fwp%2Fv2%2Ftags&post=35410"}],"curies":[{"name":"wp","href":"https:\/\/api.w.org\/{rel}","templated":true}]}}