{"id":35413,"date":"2021-12-15T18:31:01","date_gmt":"2021-12-16T00:31:01","guid":{"rendered":"http:\/\/www.zonaroja.com.mx\/?p=35413"},"modified":"2021-12-15T18:31:05","modified_gmt":"2021-12-16T00:31:05","slug":"si-tregua-bloqueos-en-oaxaca-al-cierre-de-ano","status":"publish","type":"post","link":"https:\/\/zonaroja.com.mx\/?p=35413","title":{"rendered":"Si tregua bloqueos en Oaxaca, al cierre de a\u00f1o"},"content":{"rendered":"\n<p>Yuridiana Sosa\/Zona Roja.<\/p>\n\n\n\n<p>Oaxaca de Ju\u00e1rez, Oax., 15 de diciembre de 2021.- A punto de comenzar el periodo vacacional decembrino, las carreteras de Oaxaca cumplen tres d\u00edas consecutivos de cierres viales en distintas regiones, para exigir atenci\u00f3n del Gobierno del Estado.<\/p>\n\n\n\n<p>En el transcurso de esta semana se han registrado manifestaciones en el Istmo, Valles Centrales, Sierra Sur y Cuenca, por parte de pobladores, organizaciones sociales y hasta por alumnos universitarios y profesionistas.<\/p>\n\n\n\n<p>En el Istmo, los alumnos, plantilla laboral y padres de familia de la Universidad del Istmo (Unistmo), campus Juchit\u00e1n, instalaron por segundo d\u00eda consecutivo un bloqueo sobre la carretera Trans\u00edstmica, en el tramo Juchit\u00e1n-La Ventosa.<\/p>\n\n\n\n<p>Los inconformes demandan desde su primer d\u00eda de protesta una mesa de atenci\u00f3n con las autoridades estatales, pues el predio de su universidad, que pertenece al gobierno del estado, es invadido y temen por su seguridad y de un desalojo. Luego de m\u00e1s de cinco horas, el bloqueo concluy\u00f3.<\/p>\n\n\n\n<p>Mientras que habitantes de San Juan Lajarcia, en la Sierra Sur \u201ctomaron\u201d la carretera Oaxaca-Istmo, en inmediaciones de las poblaciones de Reforma y El Camar\u00f3n, para exigir la intervenci\u00f3n del gobierno en la invasi\u00f3n de terrenos comunales, presuntamente, por parte de un grupo armado para beneficiar a la empresa Cruz Azul.<\/p>\n\n\n\n<figure class=\"wp-block-embed is-type-rich is-provider-twitter wp-block-embed-twitter\"><div class=\"wp-block-embed__wrapper\">\n<div class=\"twitter-tweet\"><blockquote class=\"twitter-tweet\" data-lang=\"es\"><p lang=\"es\" dir=\"ltr\"><a href=\"https:\/\/twitter.com\/hashtag\/%C3%9AltimoMinuto?src=hash&amp;ref_src=twsrc%5Etfw\">#\u00daltimoMinuto<\/a> <br>Apunto de iniciar la temporada vacacional, esta ma\u00f1ana se registra una un bloqueo en la supercarretera Oaxaca-Cuacnopalan, a la altura de Asunci\u00f3n Nochixtl\u00e1n. <a href=\"https:\/\/t.co\/sv158cbB35\">pic.twitter.com\/sv158cbB35<\/a><\/p>&mdash; Zona Roja Oaxaca (@Zona_Roja_Oax) <a href=\"https:\/\/twitter.com\/Zona_Roja_Oax\/status\/1471172818587074568?ref_src=twsrc%5Etfw\">15 de diciembre de 2021<\/a><\/blockquote><\/div>\n<\/div><\/figure>\n\n\n\n<p>EN VALLES CENTRALES<\/p>\n\n\n\n<p>Por otra parte, habitantes de diferentes municipios de la zona conurbada a la capital fueron afectados con los bloqueos viales que realizaron transportistas de la organizaci\u00f3n CATEM en el municipio de Santa Cruz Xoxocotl\u00e1n.&nbsp;&nbsp;<\/p>\n\n\n\n<p>Identificados como inconformes de ese municipio, los integrantes de la violenta organizaci\u00f3n se movilizaron para supuestamente exigir que el Congreso de Oaxaca nombre de manera inmediata al pr\u00f3ximo administrador municipal, ante el l\u00edo poselectoral que dej\u00f3 sin autoridad electa definida.<\/p>\n\n\n\n<p>Sin embargo, ellos demandan que el administrador que nombren sea el que proponen.<\/p>\n\n\n\n<p>Los transportistas liderados a nivel nacional por Pedro Haces, afines a Fuerza por M\u00e9xico, cerraron los cruceros de la Ex Garita y el monumento sobre el bulevar Guadalupe Hinojosa.<\/p>\n\n\n\n<p>Otro punto con vialidad interrumpida se registr\u00f3 en la supercarretera Oaxaca-Cuacnopalan, en inmediaciones del municipio de Asunci\u00f3n Nochixtl\u00e1n.<\/p>\n\n\n\n<p>Esta es una importante v\u00eda de comunicaci\u00f3n para la capital del estado, pues es la principal v\u00eda que ocupan transportes de pasaje tur\u00edstico y de carga pesada para llegar a la zona centro de los Valles Centrales.<\/p>\n\n\n\n<p>Se trata de inconformes de las localidades de San Isidro Tejocotal, San Pedro A\u00f1a\u00f1\u00e9 y Guadalupe Gabillera, que exigen al municipio de San Bartolo Soyaltepec la asignaci\u00f3n de recursos presupuestales.<\/p>\n\n\n\n<p>En tanto que la organizaci\u00f3n Frente Popular Revolucionario (FPR) contin\u00faa, por m\u00e1s de una semana, con protestas en el complejo de Ciudad Judicial en Reyes Mantec\u00f3n, de San Bartolo Coyotepec.<\/p>\n\n\n\n<p>Los manifestantes se apoderaron este d\u00eda de la puerta 2 del inmueble para exigir a la Secretar\u00eda de Finanzas recursos para su organizaci\u00f3n.<\/p>\n\n\n\n<figure class=\"wp-block-embed is-type-rich is-provider-twitter wp-block-embed-twitter\"><div class=\"wp-block-embed__wrapper\">\n<div class=\"twitter-tweet\"><blockquote class=\"twitter-tweet\" data-lang=\"es\"><p lang=\"es\" dir=\"ltr\"><a href=\"https:\/\/twitter.com\/hashtag\/%C3%9AltimoMinuto?src=hash&amp;ref_src=twsrc%5Etfw\">#\u00daltimoMinuto<\/a> <br>Quienes bloquean diversos puntos del bulevar Guadalupe Hinojosa de Santa Cruz Xoxocotl\u00e1n, son transportistas de la violenta organizaci\u00f3n <a href=\"https:\/\/twitter.com\/CatemNacional?ref_src=twsrc%5Etfw\">@CatemNacional<\/a>, que dirige <a href=\"https:\/\/twitter.com\/PedrohacesO?ref_src=twsrc%5Etfw\">@PedrohacesO<\/a> y respaldan al Partido Fuerza por M\u00e9xico; exigen administrador municipal que proponen. <a href=\"https:\/\/t.co\/aNdQ40b8zl\">pic.twitter.com\/aNdQ40b8zl<\/a><\/p>&mdash; Zona Roja Oaxaca (@Zona_Roja_Oax) <a href=\"https:\/\/twitter.com\/Zona_Roja_Oax\/status\/1471150182473555969?ref_src=twsrc%5Etfw\">15 de diciembre de 2021<\/a><\/blockquote><\/div>\n<\/div><\/figure>\n","protected":false},"excerpt":{"rendered":"<p>Yuridiana Sosa\/Zona Roja. Oaxaca de Ju\u00e1rez, Oax., 15 de diciembre de 2021.- A punto de&hellip;<\/p>\n","protected":false},"author":2,"featured_media":35414,"comment_status":"closed","ping_status":"open","sticky":false,"template":"","format":"standard","meta":{"_lmt_disableupdate":"","_lmt_disable":"","_jetpack_memberships_contains_paid_content":false,"footnotes":""},"categories":[109,47],"tags":[2264],"class_list":["post-35413","post","type-post","status-publish","format-standard","has-post-thumbnail","hentry","category-minuto-a-minuto","category-zona-gris","tag-bloqueos-y-protestas-oaxaca"],"jetpack_featured_media_url":"https:\/\/zonaroja.com.mx\/wp-content\/uploads\/2021\/12\/Bloqueo-Lajarcia-Oaxaca.jpg","jetpack_sharing_enabled":true,"_links":{"self":[{"href":"https:\/\/zonaroja.com.mx\/index.php?rest_route=\/wp\/v2\/posts\/35413","targetHints":{"allow":["GET"]}}],"collection":[{"href":"https:\/\/zonaroja.com.mx\/index.php?rest_route=\/wp\/v2\/posts"}],"about":[{"href":"https:\/\/zonaroja.com.mx\/index.php?rest_route=\/wp\/v2\/types\/post"}],"author":[{"embeddable":true,"href":"https:\/\/zonaroja.com.mx\/index.php?rest_route=\/wp\/v2\/users\/2"}],"replies":[{"embeddable":true,"href":"https:\/\/zonaroja.com.mx\/index.php?rest_route=%2Fwp%2Fv2%2Fcomments&post=35413"}],"version-history":[{"count":1,"href":"https:\/\/zonaroja.com.mx\/index.php?rest_route=\/wp\/v2\/posts\/35413\/revisions"}],"predecessor-version":[{"id":35415,"href":"https:\/\/zonaroja.com.mx\/index.php?rest_route=\/wp\/v2\/posts\/35413\/revisions\/35415"}],"wp:featuredmedia":[{"embeddable":true,"href":"https:\/\/zonaroja.com.mx\/index.php?rest_route=\/wp\/v2\/media\/35414"}],"wp:attachment":[{"href":"https:\/\/zonaroja.com.mx\/index.php?rest_route=%2Fwp%2Fv2%2Fmedia&parent=35413"}],"wp:term":[{"taxonomy":"category","embeddable":true,"href":"https:\/\/zonaroja.com.mx\/index.php?rest_route=%2Fwp%2Fv2%2Fcategories&post=35413"},{"taxonomy":"post_tag","embeddable":true,"href":"https:\/\/zonaroja.com.mx\/index.php?rest_route=%2Fwp%2Fv2%2Ftags&post=35413"}],"curies":[{"name":"wp","href":"https:\/\/api.w.org\/{rel}","templated":true}]}}