{"id":35416,"date":"2021-12-15T19:10:25","date_gmt":"2021-12-16T01:10:25","guid":{"rendered":"http:\/\/www.zonaroja.com.mx\/?p=35416"},"modified":"2021-12-15T19:57:58","modified_gmt":"2021-12-16T01:57:58","slug":"el-pri-denuncia-ante-ieepco-a-salomon-jara-y-morena-por-actos-anticipados-de-campana","status":"publish","type":"post","link":"https:\/\/zonaroja.com.mx\/?p=35416","title":{"rendered":"El PRI denuncia ante IEEPCO a Salom\u00f3n Jara y Morena por actos anticipados de campa\u00f1a"},"content":{"rendered":"\n<p>Yuridiana Sosa\/Zona Roja.<\/p>\n\n\n\n<p>Oaxaca de Ju\u00e1rez, Oax., 15 de diciembre de 2021.- Por presuntos actos anticipados de campa\u00f1a de Salom\u00f3n Jara, precandidato de Morena a la gubernatura de Oaxaca, el Partido Revolucionario Institucional (PRI) interpuso una denuncia ante el Instituto Estatal Electoral y de Participaci\u00f3n Ciudadana de Oaxaca (IEEPCO).<\/p>\n\n\n\n<p>El representante del PRI ante ese \u00f3rgano, Othoniel Pe\u00f1a Montor, anunci\u00f3 que con esta denuncia comienzan una serie de quejas ante la autoridad electoral, contra los adversarios pol\u00edticos.<\/p>\n\n\n\n<p>Apunt\u00f3 que, por el momento, s\u00f3lo presentaron evidencias de los que consideran son actos anticipados de campa\u00f1a de Salom\u00f3n Jara Cruz, uno de los seis precandidatos a la gubernatura por la coalici\u00f3n de Morena, Partido del Trabajo y Partido Verde Ecologista de M\u00e9xico.<\/p>\n\n\n\n<p>Las acciones de promoci\u00f3n que realiza el  senador con licencia van contra la libre participaci\u00f3n de los partidos pol\u00edticos al no establecerse las mismas condiciones para todos los aspirantes, expuso.<\/p>\n\n\n\n<p>Salom\u00f3n Jara Cruz ha emprendido desde su cargo como senador una gira por la entidad en la que promueve su imagen previos a ser considerado como precandidato de su partido.<\/p>\n\n\n\n<p>Mientras que el PRI a\u00fan no define precandidato ni sobre la alianza que pueda realizar o no con el PAN y el PRD.<\/p>\n\n\n\n<figure class=\"wp-block-embed is-type-rich is-provider-twitter wp-block-embed-twitter\"><div class=\"wp-block-embed__wrapper\">\n<div class=\"twitter-tweet\"><blockquote class=\"twitter-tweet\" data-lang=\"es\"><p lang=\"es\" dir=\"ltr\"><a href=\"https:\/\/twitter.com\/hashtag\/%C3%9AltimoMinuto?src=hash&amp;ref_src=twsrc%5Etfw\">#\u00daltimoMinuto<\/a> <br>Este mi\u00e9rcoles, el representantes del <a href=\"https:\/\/twitter.com\/PRIOaxaca_?ref_src=twsrc%5Etfw\">@PRIOaxaca_<\/a> ante el <a href=\"https:\/\/twitter.com\/IEEPCO?ref_src=twsrc%5Etfw\">@IEEPCO<\/a>, Othoniel Pe\u00f1a Montor, presenta denuncia en contra del senador <a href=\"https:\/\/twitter.com\/salomonj?ref_src=twsrc%5Etfw\">@salomonj<\/a>, por supuestos actos anticipados de campa\u00f1a. <a href=\"https:\/\/t.co\/cZ9vIVVG2l\">pic.twitter.com\/cZ9vIVVG2l<\/a><\/p>&mdash; Zona Roja Oaxaca (@Zona_Roja_Oax) <a href=\"https:\/\/twitter.com\/Zona_Roja_Oax\/status\/1471225692163653644?ref_src=twsrc%5Etfw\">15 de diciembre de 2021<\/a><\/blockquote><\/div>\n<\/div><\/figure>\n","protected":false},"excerpt":{"rendered":"<p>Yuridiana Sosa\/Zona Roja. Oaxaca de Ju\u00e1rez, Oax., 15 de diciembre de 2021.- Por presuntos actos&hellip;<\/p>\n","protected":false},"author":2,"featured_media":35417,"comment_status":"closed","ping_status":"open","sticky":false,"template":"","format":"standard","meta":{"_lmt_disableupdate":"","_lmt_disable":"","_jetpack_memberships_contains_paid_content":false,"footnotes":""},"categories":[109,47],"tags":[939],"class_list":["post-35416","post","type-post","status-publish","format-standard","has-post-thumbnail","hentry","category-minuto-a-minuto","category-zona-gris","tag-salomon-jara-cruz"],"jetpack_featured_media_url":"https:\/\/zonaroja.com.mx\/wp-content\/uploads\/2021\/12\/Anuncio-Salomon-J..jpg","jetpack_sharing_enabled":true,"_links":{"self":[{"href":"https:\/\/zonaroja.com.mx\/index.php?rest_route=\/wp\/v2\/posts\/35416","targetHints":{"allow":["GET"]}}],"collection":[{"href":"https:\/\/zonaroja.com.mx\/index.php?rest_route=\/wp\/v2\/posts"}],"about":[{"href":"https:\/\/zonaroja.com.mx\/index.php?rest_route=\/wp\/v2\/types\/post"}],"author":[{"embeddable":true,"href":"https:\/\/zonaroja.com.mx\/index.php?rest_route=\/wp\/v2\/users\/2"}],"replies":[{"embeddable":true,"href":"https:\/\/zonaroja.com.mx\/index.php?rest_route=%2Fwp%2Fv2%2Fcomments&post=35416"}],"version-history":[{"count":2,"href":"https:\/\/zonaroja.com.mx\/index.php?rest_route=\/wp\/v2\/posts\/35416\/revisions"}],"predecessor-version":[{"id":35419,"href":"https:\/\/zonaroja.com.mx\/index.php?rest_route=\/wp\/v2\/posts\/35416\/revisions\/35419"}],"wp:featuredmedia":[{"embeddable":true,"href":"https:\/\/zonaroja.com.mx\/index.php?rest_route=\/wp\/v2\/media\/35417"}],"wp:attachment":[{"href":"https:\/\/zonaroja.com.mx\/index.php?rest_route=%2Fwp%2Fv2%2Fmedia&parent=35416"}],"wp:term":[{"taxonomy":"category","embeddable":true,"href":"https:\/\/zonaroja.com.mx\/index.php?rest_route=%2Fwp%2Fv2%2Fcategories&post=35416"},{"taxonomy":"post_tag","embeddable":true,"href":"https:\/\/zonaroja.com.mx\/index.php?rest_route=%2Fwp%2Fv2%2Ftags&post=35416"}],"curies":[{"name":"wp","href":"https:\/\/api.w.org\/{rel}","templated":true}]}}