{"id":35423,"date":"2021-12-15T22:10:43","date_gmt":"2021-12-16T04:10:43","guid":{"rendered":"http:\/\/www.zonaroja.com.mx\/?p=35423"},"modified":"2021-12-15T22:10:46","modified_gmt":"2021-12-16T04:10:46","slug":"asesinan-en-menos-de-24-horas-a-tres-mujeres-en-oaxaca","status":"publish","type":"post","link":"https:\/\/zonaroja.com.mx\/?p=35423","title":{"rendered":"Asesinan en menos de 24 horas a tres mujeres en Oaxaca"},"content":{"rendered":"\n<p>Ismael Garc\u00eda M.\/Zona Roja.<\/p>\n\n\n\n<p>Oaxaca de Ju\u00e1rez, Oax., 15 de diciembre de 2021.- En menos de 24 horas, tres mujeres fueron asesinadas con disparos de arma de fuego, en dos hechos ocurridos en las regiones Istmo de Tehuantepec y Sierra Sur de Oaxaca.<\/p>\n\n\n\n<p>Alrededor del mediod\u00eda de este mi\u00e9rcoles, en el municipio de Mesones Hidalgo, del distrito de Putla, fueron ultimadas una madre y su hija.<\/p>\n\n\n\n<p>Los cuerpos de Juana G. D., de 80 a\u00f1os de edad, y de Diana V. G., de 23 a\u00f1os, fueron localizados en el interior de un domicilio, en la localidad de Santa Mar\u00eda de Lima; hasta el momento no hay personas detenidas.<\/p>\n\n\n\n<p>Mientras tanto, la ma\u00f1ana de este d\u00eda se confirm\u00f3 que perdi\u00f3 la vida la joven Citlalli T. R., debido a la gravedad de las lesiones producidas por impacto de arma de fuego.<\/p>\n\n\n\n<p>Fue v\u00edctima de un ataque armado la noche de ayer martes en un local denominado \u201cLa cantina de la se\u00f1ora Sonia\u201d, en la localidad de La Ventosa, del municipio de Juchit\u00e1n de Zaragoza-<\/p>\n\n\n\n<p>Desde ayer hab\u00edan muerto a causa de la agresi\u00f3n, tres personas del sexo masculino, una de ellas Jos\u00e9 Luis, alias \u201cEl Chehui\u201d, quien ser\u00eda el objetivo de un grupo del crimen organizado; tambi\u00e9n hab\u00eda resultado lesionado un polic\u00eda.<\/p>\n\n\n\n<p>En ambos casos hasta esta noche no hay reporte de personas detenidas; la Fiscal\u00eda General del Estado de Oaxaca inici\u00f3 las Carpetas de Investigaci\u00f3n correspondientes, en el caso de las mujeres bajo los protocolos de feminicidio.<\/p>\n","protected":false},"excerpt":{"rendered":"<p>Ismael Garc\u00eda M.\/Zona Roja. Oaxaca de Ju\u00e1rez, Oax., 15 de diciembre de 2021.- En menos&hellip;<\/p>\n","protected":false},"author":2,"featured_media":35424,"comment_status":"closed","ping_status":"open","sticky":false,"template":"","format":"standard","meta":{"_lmt_disableupdate":"","_lmt_disable":"","_jetpack_memberships_contains_paid_content":false,"footnotes":""},"categories":[109,51],"tags":[123,2978],"class_list":["post-35423","post","type-post","status-publish","format-standard","has-post-thumbnail","hentry","category-minuto-a-minuto","category-zona-roja","tag-juchitan-de-zaragoza","tag-mesones-hidalgo"],"jetpack_featured_media_url":"https:\/\/zonaroja.com.mx\/wp-content\/uploads\/2021\/12\/ASesinada-La-Ventosa-Juchitan.jpg","jetpack_sharing_enabled":true,"_links":{"self":[{"href":"https:\/\/zonaroja.com.mx\/index.php?rest_route=\/wp\/v2\/posts\/35423","targetHints":{"allow":["GET"]}}],"collection":[{"href":"https:\/\/zonaroja.com.mx\/index.php?rest_route=\/wp\/v2\/posts"}],"about":[{"href":"https:\/\/zonaroja.com.mx\/index.php?rest_route=\/wp\/v2\/types\/post"}],"author":[{"embeddable":true,"href":"https:\/\/zonaroja.com.mx\/index.php?rest_route=\/wp\/v2\/users\/2"}],"replies":[{"embeddable":true,"href":"https:\/\/zonaroja.com.mx\/index.php?rest_route=%2Fwp%2Fv2%2Fcomments&post=35423"}],"version-history":[{"count":1,"href":"https:\/\/zonaroja.com.mx\/index.php?rest_route=\/wp\/v2\/posts\/35423\/revisions"}],"predecessor-version":[{"id":35425,"href":"https:\/\/zonaroja.com.mx\/index.php?rest_route=\/wp\/v2\/posts\/35423\/revisions\/35425"}],"wp:featuredmedia":[{"embeddable":true,"href":"https:\/\/zonaroja.com.mx\/index.php?rest_route=\/wp\/v2\/media\/35424"}],"wp:attachment":[{"href":"https:\/\/zonaroja.com.mx\/index.php?rest_route=%2Fwp%2Fv2%2Fmedia&parent=35423"}],"wp:term":[{"taxonomy":"category","embeddable":true,"href":"https:\/\/zonaroja.com.mx\/index.php?rest_route=%2Fwp%2Fv2%2Fcategories&post=35423"},{"taxonomy":"post_tag","embeddable":true,"href":"https:\/\/zonaroja.com.mx\/index.php?rest_route=%2Fwp%2Fv2%2Ftags&post=35423"}],"curies":[{"name":"wp","href":"https:\/\/api.w.org\/{rel}","templated":true}]}}