{"id":35432,"date":"2021-12-16T07:56:30","date_gmt":"2021-12-16T13:56:30","guid":{"rendered":"http:\/\/www.zonaroja.com.mx\/?p=35432"},"modified":"2021-12-16T07:56:33","modified_gmt":"2021-12-16T13:56:33","slug":"periodo-vacacional-en-educacion-basica-sera-del-20-al-31-de-diciembre","status":"publish","type":"post","link":"https:\/\/zonaroja.com.mx\/?p=35432","title":{"rendered":"Periodo vacacional en educaci\u00f3n b\u00e1sica ser\u00e1 del 20 al 31 de diciembre"},"content":{"rendered":"\n<p>Redacci\u00f3n\/Zona Roja.<\/p>\n\n\n\n<p>Oaxaca de Ju\u00e1rez, Oax. 15 de diciembre de 2021.- El Instituto Estatal de Educaci\u00f3n P\u00fablica de Oaxaca (IEEPO) informa que de acuerdo con el calendario escolar oficial 2021-2022, establecido por la Secretar\u00eda de Educaci\u00f3n P\u00fablica (SEP), de 190 d\u00edas, el lunes 20 de diciembre iniciar\u00e1 el periodo vacacional de invierno en Educaci\u00f3n B\u00e1sica.<\/p>\n\n\n\n<p>El viernes 17 ser\u00e1 el \u00faltimo d\u00eda de clases a distancia y en la modalidad semipresencial, por lo que en Oaxaca m\u00e1s de 874 mil 214 estudiantes que cursan sus estudios en los planteles de nivel b\u00e1sico, especial, normal y servicios educativos del Consejo Nacional de Fomento Educativo (Conafe), as\u00ed como m\u00e1s de 82 mil trabajadores, entre directivos, docentes y personal de apoyo a la educaci\u00f3n, disfrutar\u00e1n de unos d\u00edas de descanso.<\/p>\n\n\n\n<p>El periodo vacacional, es aplicable a los niveles de educaci\u00f3n inicial, preescolar, primaria y secundaria, en todas sus modalidades, tanto en escuelas p\u00fablicas como privadas, en los horarios matutino y vespertino, as\u00ed como en las escuelas normales. Las actividades escolares se reanudar\u00e1n el lunes 3 de enero del 2022.<\/p>\n\n\n\n<p>El IEEPO expresa sus felicitaciones a las y los alumnos, docentes, directivos, personal de apoyo a la educaci\u00f3n y servidores p\u00fablicos de este organismo, as\u00ed como a las madres y padres de familia con motivo de las fiestas decembrinas y que sean de armon\u00eda, uni\u00f3n y amor.<\/p>\n\n\n\n<p>As\u00ed tambi\u00e9n, por las condiciones que prevalecen derivado de la contingencia sanitaria, se exhorta a continuar con el cuidado de la salud y de la vida.<\/p>\n\n\n\n<p>Ante el periodo vacacional, el IEEPO recomienda a las autoridades educativas, municipales y comit\u00e9s de padres de familia a tomar medidas y establecer acciones en los planteles para resguardar las instalaciones, equipos, material y documentaci\u00f3n con el fin de evitar robos o actos vand\u00e1licos.<\/p>\n","protected":false},"excerpt":{"rendered":"<p>Redacci\u00f3n\/Zona Roja. Oaxaca de Ju\u00e1rez, Oax. 15 de diciembre de 2021.- El Instituto Estatal de&hellip;<\/p>\n","protected":false},"author":2,"featured_media":35433,"comment_status":"closed","ping_status":"open","sticky":false,"template":"","format":"standard","meta":{"_lmt_disableupdate":"","_lmt_disable":"","_jetpack_memberships_contains_paid_content":false,"footnotes":""},"categories":[109,46],"tags":[2837],"class_list":["post-35432","post","type-post","status-publish","format-standard","has-post-thumbnail","hentry","category-minuto-a-minuto","category-zona-blanca","tag-instituto-estatal-de-educacion-publica-de-oaxaca-ieepo"],"jetpack_featured_media_url":"https:\/\/zonaroja.com.mx\/wp-content\/uploads\/2021\/12\/IEEPO-alumnos-clases-pandemia.jpg","jetpack_sharing_enabled":true,"_links":{"self":[{"href":"https:\/\/zonaroja.com.mx\/index.php?rest_route=\/wp\/v2\/posts\/35432","targetHints":{"allow":["GET"]}}],"collection":[{"href":"https:\/\/zonaroja.com.mx\/index.php?rest_route=\/wp\/v2\/posts"}],"about":[{"href":"https:\/\/zonaroja.com.mx\/index.php?rest_route=\/wp\/v2\/types\/post"}],"author":[{"embeddable":true,"href":"https:\/\/zonaroja.com.mx\/index.php?rest_route=\/wp\/v2\/users\/2"}],"replies":[{"embeddable":true,"href":"https:\/\/zonaroja.com.mx\/index.php?rest_route=%2Fwp%2Fv2%2Fcomments&post=35432"}],"version-history":[{"count":1,"href":"https:\/\/zonaroja.com.mx\/index.php?rest_route=\/wp\/v2\/posts\/35432\/revisions"}],"predecessor-version":[{"id":35434,"href":"https:\/\/zonaroja.com.mx\/index.php?rest_route=\/wp\/v2\/posts\/35432\/revisions\/35434"}],"wp:featuredmedia":[{"embeddable":true,"href":"https:\/\/zonaroja.com.mx\/index.php?rest_route=\/wp\/v2\/media\/35433"}],"wp:attachment":[{"href":"https:\/\/zonaroja.com.mx\/index.php?rest_route=%2Fwp%2Fv2%2Fmedia&parent=35432"}],"wp:term":[{"taxonomy":"category","embeddable":true,"href":"https:\/\/zonaroja.com.mx\/index.php?rest_route=%2Fwp%2Fv2%2Fcategories&post=35432"},{"taxonomy":"post_tag","embeddable":true,"href":"https:\/\/zonaroja.com.mx\/index.php?rest_route=%2Fwp%2Fv2%2Ftags&post=35432"}],"curies":[{"name":"wp","href":"https:\/\/api.w.org\/{rel}","templated":true}]}}