{"id":35435,"date":"2021-12-16T08:03:49","date_gmt":"2021-12-16T14:03:49","guid":{"rendered":"http:\/\/www.zonaroja.com.mx\/?p=35435"},"modified":"2021-12-16T08:03:52","modified_gmt":"2021-12-16T14:03:52","slug":"sistema-de-justicia-factor-de-estabilidad-social-magistrado-eduardo-pinacho","status":"publish","type":"post","link":"https:\/\/zonaroja.com.mx\/?p=35435","title":{"rendered":"Sistema de justicia, factor de estabilidad social: magistrado Eduardo Pinacho"},"content":{"rendered":"\n<p>Redacci\u00f3n\/Zona Roja.<\/p>\n\n\n\n<p>Oaxaca de Ju\u00e1rez, Oax., 15 de diciembre de 2021.- \u201cAnte una nueva realidad, es el momento de reinventarnos, de construir nuevas formas de pensamiento y dise\u00f1ar estrategias para desplegar una actuaci\u00f3n diferente frente a circunstancias emergentes, pues el Sistema de Justicia no solo constituye una estructura especializada del Estado, sino un factor de estabilidad social\u201d, afirm\u00f3 el titular del Poder Judicial, magistrado Eduardo Pinacho S\u00e1nchez al rendir su Segundo Informe de Actividades 2021.<\/p>\n\n\n\n<p>En Sesi\u00f3n Solemne conjunta del Pleno del Tribunal Superior de Justicia y del Consejo de la Judicatura, ante el Gobernador del Estado, Mtro. Alejandro Murat Hinojosa, la Presidenta de la Mesa Directiva de la Sexag\u00e9sima Quinta Legislatura del Congreso local, Mariana Benitez Tiburcio y representantes del Gobierno del Estado, reconoci\u00f3 que la verdadera reforma no se trata solamente de cambiar leyes y procesos, sino de reformar la instituci\u00f3n, la conducta de quienes la personifican, sus costumbres y actitudes, pues de poco sirven las mejores leyes con hombres viles encargados de aplicarlas.<\/p>\n\n\n\n<p>Hoy en Oaxaca, dijo, \u201cestamos contribuyendo a garantizar los derechos de quienes m\u00e1s lo necesitan, implementando una justicia m\u00e1s humana, sustentada en el paradigma de los Derechos Humanos y la dignidad de las personas, redoblando esfuerzos en la formaci\u00f3n de un nuevo perfil de juzgadores y, con la renovaci\u00f3n general de la magistratura, a trav\u00e9s de un ensamble de experiencia y juventud, la sociedad y la justicia sentamos las bases para asegurar en el estado de Oaxaca la vitalidad de la Constituci\u00f3n y la eficacia de su garant\u00eda\u201d.<\/p>\n\n\n\n<p>Al hablar sobre los cinco ejes principales de su administraci\u00f3n, asegur\u00f3 que la modernizaci\u00f3n en el Poder Judicial lleg\u00f3 para quedarse, con la dignificaci\u00f3n de los espacios en que se imparte justicia, el cambio de normas y procedimientos jurisdiccionales, la renovaci\u00f3n generacional, reestructuraci\u00f3n en primera y segunda instancia e innovaci\u00f3n de salas de audiencia que disponen tecnolog\u00eda de punta, para construir de manera gradual un sistema de justicia m\u00e1s eficiente, moderno y din\u00e1mico.<\/p>\n\n\n\n<p>Luego de se\u00f1alar que la pandemia llev\u00f3 a la instituci\u00f3n a repensar la estructura, organizaci\u00f3n y funcionamiento del Poder Judicial, con inversi\u00f3n pero tambi\u00e9n con mucha imaginaci\u00f3n, destac\u00f3 los principales logros alcanzados en materia de Humanizaci\u00f3n de la justicia; Transformaci\u00f3n e infraestructura judicial; Derechos Humanos, G\u00e9nero y Pueblos Ind\u00edgenas, Tribunal abierto y COVID 19 y el Nuevo modelo de Justicia Laboral.<\/p>\n\n\n\n<p>RECONOCE ALEJANDRO MURAT<\/p>\n\n\n\n<p>En su intervenci\u00f3n, el gobernador del Estado reconoci\u00f3 el trabajo que esta casa de justicia hace \u201ccon la ley en la mano, con absoluta libertad, con imparcialidad y con altura de miras\u201d y expres\u00f3 que los<\/p>\n\n\n\n<p>logros compartidos este d\u00eda por el Magistrado Presidente, hablan del compromiso irrenunciable con Oaxaca, donde la aplicaci\u00f3n del derecho es la base de la gobernanza y del bienestar social.<\/p>\n\n\n\n<figure class=\"wp-block-embed is-type-rich is-provider-twitter wp-block-embed-twitter\"><div class=\"wp-block-embed__wrapper\">\n<div class=\"twitter-tweet\"><blockquote class=\"twitter-tweet\" data-lang=\"es\"><p lang=\"es\" dir=\"ltr\"><a href=\"https:\/\/twitter.com\/hashtag\/INFORME201?src=hash&amp;ref_src=twsrc%5Etfw\">#INFORME201<\/a><br>3. Entre otras actividades, el magistrado Pinacho S\u00e1nchez ponder\u00f3 el quehacer conjunto de los tres poderes, para poder concretar y poner en marcha el nuevo sistema de justicia laboral en <a href=\"https:\/\/twitter.com\/hashtag\/Oaxaca?src=hash&amp;ref_src=twsrc%5Etfw\">#Oaxaca<\/a>. <a href=\"https:\/\/t.co\/idAi4EV9r6\">pic.twitter.com\/idAi4EV9r6<\/a><\/p>&mdash; Zona Roja Oaxaca (@Zona_Roja_Oax) <a href=\"https:\/\/twitter.com\/Zona_Roja_Oax\/status\/1471313224830226436?ref_src=twsrc%5Etfw\">16 de diciembre de 2021<\/a><\/blockquote><\/div>\n<\/div><\/figure>\n\n\n\n<p>Asever\u00f3 que hoy Oaxaca tiene un Tribunal de vanguardia que custodia los derechos del pueblo de Oaxaca, con una mirada incluyente, con pluralismo jur\u00eddico, con perspectiva de g\u00e9nero, de infancia y adolescencia; y con mecanismos de control constitucional local, toda vez que es el \u00fanico Tribunal en el pa\u00eds que cuenta con una Sala de Justicia Ind\u00edgena, y uno de los pocos con una Sala Constitucional; un rasgo -dijo que es congruente con un estado como el nuestro: el m\u00e1s diverso de M\u00e9xico, donde la jurisdicci\u00f3n ind\u00edgena es omnipresente.<\/p>\n\n\n\n<p>El Mandatario Oaxaque\u00f1o expres\u00f3 que el \u00e9xito del sistema de justicia es tambi\u00e9n resultado del trabajo de los tres poderes, que comparten la pasi\u00f3n por hacer de Oaxaca un mejor lugar, bajo la luz del pensamiento juarista, que es la esencia de la vida republicana y de la democracia; por ello anunci\u00f3 que presentar\u00e1 una iniciativa para la creaci\u00f3n de una Sala de Justicia para la mujer y seguir construyendo una sociedad en igualdad.<\/p>\n\n\n\n<p>PRINCIPALES LOGROS<\/p>\n\n\n\n<p>Entre los principales logros del Poder Judicial dentro del Segundo Informe, presentados a trav\u00e9s de un video, se encuentran la reestructuraci\u00f3n de las 6 salas penales colegiadas del Tribunal Superior de Justicia cre\u00e1ndose 18 salas penales unitarias, en un avance hist\u00f3rico y salto cuantitativo; la Maestr\u00eda en Derecho Judicial, dise\u00f1ada en conjunto con la Universidad de Perugia, Italia, una de las m\u00e1s prestigiadas del mundo, iniciativa que convierte a la Escuela Judicial en una instituci\u00f3n formadora de juezas y jueces para toda Am\u00e9rica Latina.<\/p>\n\n\n\n<p>Asimismo, el inicio de operaciones de los Centros de justicia: \u201cdel Istmo\u201d, con sede en El Espinal; \u201cManuel Sabino Crespo\u201d, ubicado en Ejutla de Crespo; \u201cGeneral Vicente Guerrero\u201d, en Putla Villa de Guerrero; \u201cLic. Benito Ju\u00e1rez Garc\u00eda\u201d, en Ixtl\u00e1n de Ju\u00e1rez y \u201cMargarita Maza Parada\u201d, situado en Tanivet, Tlacolula de Matamoros que cuenta con 15 salas para atender con oportunidad la creciente agenda de audiencias y que adem\u00e1s alberga diferentes juzgados.<\/p>\n\n\n\n<p>Por medio del Tribunal Virtual se efectuaron 34 mil 047 notificaciones electr\u00f3nicas en primera y segunda instancia, 13 mil 123 consultas en l\u00ednea de expedientes digitales, se atendieron 12 mil 214 demandas y 55 mil 763 promociones en primera y segunda instancia, adem\u00e1s de cuatro mil registros de partes y abogados en el Registro \u00danico de Notificaci\u00f3n Electr\u00f3nica (RUNE).<\/p>\n\n\n\n<p>Este a\u00f1o, se implement\u00f3 el nuevo Sistema de Justicia Laboral, el cual privilegia la conciliaci\u00f3n. Como parte de este modelo, en Oaxaca se inauguraron dos juzgados laborales y el Centro de Conciliaci\u00f3n Laboral en Santa Mar\u00eda Ixcotel, que recibieron la visita de la Secretaria del Trabajo del Gobierno Federal. Otros dos juzgados se encuentran en Santa Mar\u00eda Huatulco y en Juchit\u00e1n de Zaragoza.<\/p>\n\n\n\n<p>El Informe de Actividades completo se encuentra disponible para su consulta en el enlace: <a href=\"https:\/\/www.youtube.com\/watch?v=cPul-jGjr4k\">https:\/\/www.youtube.com\/watch?v=cPul-jGjr4k<\/a>.<\/p>\n","protected":false},"excerpt":{"rendered":"<p>Redacci\u00f3n\/Zona Roja. Oaxaca de Ju\u00e1rez, Oax., 15 de diciembre de 2021.- \u201cAnte una nueva realidad,&hellip;<\/p>\n","protected":false},"author":2,"featured_media":35436,"comment_status":"closed","ping_status":"open","sticky":false,"template":"","format":"standard","meta":{"_lmt_disableupdate":"","_lmt_disable":"","_jetpack_memberships_contains_paid_content":false,"footnotes":""},"categories":[1],"tags":[],"class_list":["post-35435","post","type-post","status-publish","format-standard","has-post-thumbnail","hentry","category-sin-categoria"],"jetpack_featured_media_url":"https:\/\/zonaroja.com.mx\/wp-content\/uploads\/2021\/12\/01-INFORME.jpg","jetpack_sharing_enabled":true,"_links":{"self":[{"href":"https:\/\/zonaroja.com.mx\/index.php?rest_route=\/wp\/v2\/posts\/35435","targetHints":{"allow":["GET"]}}],"collection":[{"href":"https:\/\/zonaroja.com.mx\/index.php?rest_route=\/wp\/v2\/posts"}],"about":[{"href":"https:\/\/zonaroja.com.mx\/index.php?rest_route=\/wp\/v2\/types\/post"}],"author":[{"embeddable":true,"href":"https:\/\/zonaroja.com.mx\/index.php?rest_route=\/wp\/v2\/users\/2"}],"replies":[{"embeddable":true,"href":"https:\/\/zonaroja.com.mx\/index.php?rest_route=%2Fwp%2Fv2%2Fcomments&post=35435"}],"version-history":[{"count":1,"href":"https:\/\/zonaroja.com.mx\/index.php?rest_route=\/wp\/v2\/posts\/35435\/revisions"}],"predecessor-version":[{"id":35437,"href":"https:\/\/zonaroja.com.mx\/index.php?rest_route=\/wp\/v2\/posts\/35435\/revisions\/35437"}],"wp:featuredmedia":[{"embeddable":true,"href":"https:\/\/zonaroja.com.mx\/index.php?rest_route=\/wp\/v2\/media\/35436"}],"wp:attachment":[{"href":"https:\/\/zonaroja.com.mx\/index.php?rest_route=%2Fwp%2Fv2%2Fmedia&parent=35435"}],"wp:term":[{"taxonomy":"category","embeddable":true,"href":"https:\/\/zonaroja.com.mx\/index.php?rest_route=%2Fwp%2Fv2%2Fcategories&post=35435"},{"taxonomy":"post_tag","embeddable":true,"href":"https:\/\/zonaroja.com.mx\/index.php?rest_route=%2Fwp%2Fv2%2Ftags&post=35435"}],"curies":[{"name":"wp","href":"https:\/\/api.w.org\/{rel}","templated":true}]}}