{"id":35445,"date":"2021-12-16T15:13:00","date_gmt":"2021-12-16T21:13:00","guid":{"rendered":"http:\/\/www.zonaroja.com.mx\/?p=35445"},"modified":"2021-12-16T15:13:05","modified_gmt":"2021-12-16T21:13:05","slug":"amenaza-personal-de-confianza-toma-de-martinez-neri-por-adeudos-de-oswaldo-garcia","status":"publish","type":"post","link":"https:\/\/zonaroja.com.mx\/?p=35445","title":{"rendered":"Amenaza personal de confianza toma de Mart\u00ednez Neri por adeudos de Oswaldo Garc\u00eda"},"content":{"rendered":"\n<p>Yuridiana Sosa\/Zona Roja.<\/p>\n\n\n\n<p>Oaxaca de Ju\u00e1rez, Oax., 16 de diciembre de 2021.- Trabajadores de confianza del ayuntamiento de Oaxaca de Ju\u00e1rez, a los que el edil Oaswaldo Garc\u00eda Jarqu\u00edn tambi\u00e9n adeuda quincenas, aguinaldo y vacaciones, amenazaron con impedir la toma de protesta del presidente electo Francisco Mart\u00ednez Neri, de no recibir sus pagos.<\/p>\n\n\n\n<p>Los afectados son personal de m\u00e1s antig\u00fcedad como servidores p\u00fablicos en el gobierno municipal, pero a los que esta administraci\u00f3n tambi\u00e9n les neg\u00f3 el aumento salarial que anualmente percib\u00edan y el goce de sus per\u00edodos de vacacionales del a\u00f1o 2020.<\/p>\n\n\n\n<p>Ante esas faltas contra sus derechos laborales, los trabajadores exigieron el pago de sus aguinaldos a m\u00e1s tardar el d\u00eda 20 de diciembre, el pago de la primera quincena de diciembre a la brevedad, el pago puntual de segunda y el goce del periodo nacional de decembrino, o de lo contrario se movilizar\u00e1n el 1 de enero de 2022 para no permitir que Mart\u00ednez Neri rinda protesta.<\/p>\n\n\n\n<p>As\u00ed lo dieron a conocer por medio de un comunicado, donde adem\u00e1s se\u00f1alaron que durante la pandemia no dejaron de trabajar y aun as\u00ed les negaron sus derechos, entre estos el incremento salarial en el trienio, pero el cual s\u00ed aplic\u00f3 para los trabajadores sindicalizados, polic\u00edas municipales y de tr\u00e1nsito.<\/p>\n\n\n\n<p>Mientras tanto, el personal del \u00e1rea de Limpia del ayuntamiento no labor\u00f3 este jueves, debido a que no hay gasolina para las unidades del transporte de basura, por lo cual la ciudad de Oaxaca se comenz\u00f3 a llenar de nuevo de desechos.<\/p>\n","protected":false},"excerpt":{"rendered":"<p>Yuridiana Sosa\/Zona Roja. Oaxaca de Ju\u00e1rez, Oax., 16 de diciembre de 2021.- Trabajadores de confianza&hellip;<\/p>\n","protected":false},"author":2,"featured_media":21781,"comment_status":"closed","ping_status":"open","sticky":false,"template":"","format":"standard","meta":{"_lmt_disableupdate":"","_lmt_disable":"","_jetpack_memberships_contains_paid_content":false,"footnotes":""},"categories":[109,47],"tags":[115],"class_list":["post-35445","post","type-post","status-publish","format-standard","has-post-thumbnail","hentry","category-minuto-a-minuto","category-zona-gris","tag-oswaldo-garcia-jarquin"],"jetpack_featured_media_url":"https:\/\/zonaroja.com.mx\/wp-content\/uploads\/2020\/12\/Palacio-Municipal-Oaxaca-capital.jpg","jetpack_sharing_enabled":true,"_links":{"self":[{"href":"https:\/\/zonaroja.com.mx\/index.php?rest_route=\/wp\/v2\/posts\/35445","targetHints":{"allow":["GET"]}}],"collection":[{"href":"https:\/\/zonaroja.com.mx\/index.php?rest_route=\/wp\/v2\/posts"}],"about":[{"href":"https:\/\/zonaroja.com.mx\/index.php?rest_route=\/wp\/v2\/types\/post"}],"author":[{"embeddable":true,"href":"https:\/\/zonaroja.com.mx\/index.php?rest_route=\/wp\/v2\/users\/2"}],"replies":[{"embeddable":true,"href":"https:\/\/zonaroja.com.mx\/index.php?rest_route=%2Fwp%2Fv2%2Fcomments&post=35445"}],"version-history":[{"count":1,"href":"https:\/\/zonaroja.com.mx\/index.php?rest_route=\/wp\/v2\/posts\/35445\/revisions"}],"predecessor-version":[{"id":35446,"href":"https:\/\/zonaroja.com.mx\/index.php?rest_route=\/wp\/v2\/posts\/35445\/revisions\/35446"}],"wp:featuredmedia":[{"embeddable":true,"href":"https:\/\/zonaroja.com.mx\/index.php?rest_route=\/wp\/v2\/media\/21781"}],"wp:attachment":[{"href":"https:\/\/zonaroja.com.mx\/index.php?rest_route=%2Fwp%2Fv2%2Fmedia&parent=35445"}],"wp:term":[{"taxonomy":"category","embeddable":true,"href":"https:\/\/zonaroja.com.mx\/index.php?rest_route=%2Fwp%2Fv2%2Fcategories&post=35445"},{"taxonomy":"post_tag","embeddable":true,"href":"https:\/\/zonaroja.com.mx\/index.php?rest_route=%2Fwp%2Fv2%2Ftags&post=35445"}],"curies":[{"name":"wp","href":"https:\/\/api.w.org\/{rel}","templated":true}]}}