{"id":35447,"date":"2021-12-16T15:44:44","date_gmt":"2021-12-16T21:44:44","guid":{"rendered":"http:\/\/www.zonaroja.com.mx\/?p=35447"},"modified":"2021-12-16T15:44:47","modified_gmt":"2021-12-16T21:44:47","slug":"periodistas-graben-miren-nos-estan-atacando-normalistas","status":"publish","type":"post","link":"https:\/\/zonaroja.com.mx\/?p=35447","title":{"rendered":"\u201c\u00a1Periodistas, graben, miren, nos est\u00e1n atacando!\u201d: normalistas"},"content":{"rendered":"\n<p>Redacci\u00f3n\/Zona Roja.<\/p>\n\n\n\n<p>Oaxaca de Ju\u00e1rez, Oax., 16 de diciembre de 2021.- Acostumbrados a agredir a la sociedad, a la iniciativa privada y hasta a los periodistas, los estudiantes normalistas se acordaron ahora de la prensa:<\/p>\n\n\n\n<p>\u201c\u00a1Periodistas, graben, miren, nos est\u00e1n atacando!\u201d, el grito desesperado de unos, que intentaron victimizarse tras ser detenidos a bordo de un cami\u00f3n del transporte urbano en que llevaban cohetones, bombas molotov y cadenas con tubos.<\/p>\n\n\n\n<p>Y es que durante la ma\u00f1ana, salieron del Centro Regional de Educaci\u00f3n Normal de Oaxaca (CRENO), para apoderarse en distintos puntos de la zona norte de la capital, de camiones urbanos y de transporte de mercanc\u00eda, tras lo cual saquearon las unidades.<\/p>\n\n\n\n<p>Alrededor del mediod\u00eda se dirig\u00edan de nuevo a cometer m\u00e1s actos vand\u00e1licos, a bordo de la unidad A-692 de la empresa Choferes del Sur, cuando fueron interceptados en la avenida San Felipe, casi entronque con la fuente de las Ocho Regiones.<\/p>\n\n\n\n<p>De inmediato, elementos de la Polic\u00eda Estatal y de la Polic\u00eda Auxiliar, Bancaria, Industrial y Comercial (PABIC), les pidieron dejar la unidad.<\/p>\n\n\n\n<p>Pero en respuesta, se atrincheraron y retuvieron al chofer, adem\u00e1s de cerrar la puerta. Ante la negativa y para evitar que cometieran alg\u00fan delito m\u00e1s grave, los uniformados lanzaron un cartucho de gas lacrim\u00f3geno.<\/p>\n\n\n\n<p>Los estudiantes comenzaron a salir de la unidad de motor, pero lanzando golpes con los pu\u00f1os y con los tubos, por lo cual fueron sometidos por los polic\u00edas; algunos recibieron golpes.<\/p>\n\n\n\n<figure class=\"wp-block-embed is-type-rich is-provider-twitter wp-block-embed-twitter\"><div class=\"wp-block-embed__wrapper\">\n<div class=\"twitter-tweet\"><blockquote class=\"twitter-tweet\" data-lang=\"es\"><p lang=\"es\" dir=\"ltr\"><a href=\"https:\/\/twitter.com\/hashtag\/%C3%9AltimoMinuto?src=hash&amp;ref_src=twsrc%5Etfw\">#\u00daltimoMinuto<\/a> <br>Logra <a href=\"https:\/\/twitter.com\/Policia_GobOax?ref_src=twsrc%5Etfw\">@Policia_GobOax<\/a> liberar autobuses retenidos; presuntos normalistas pusieron resistencia y pretend\u00edan encender cohetones y bombas molotov; fueron sometidos y entregaron los camiones.<br>Los hechos en la avenida San Felipe, cerca de la fuente de las Ocho Regiones. <a href=\"https:\/\/t.co\/fuZCSjmZEt\">pic.twitter.com\/fuZCSjmZEt<\/a><\/p>&mdash; Zona Roja Oaxaca (@Zona_Roja_Oax) <a href=\"https:\/\/twitter.com\/Zona_Roja_Oax\/status\/1471554091868475399?ref_src=twsrc%5Etfw\">16 de diciembre de 2021<\/a><\/blockquote><\/div>\n<\/div><\/figure>\n\n\n\n<p>Tras una negociaci\u00f3n, fueron puestos en libertad pero se dirigieron de nuevo a las instalaciones del CRENO.<\/p>\n\n\n\n<p>En un comunicado, la Secretar\u00eda de Seguridad P\u00fablica de Oaxaca (SSPO) inform\u00f3 que con el objetivo de garantizar el orden en la parte norte de la capital, corporaciones adscritas a esta dependencia implementaron un operativo, para desplegar a los manifestantes.<\/p>\n\n\n\n<p>Por ello llevaron a cabo acciones disuasivas y preventivas, logrando impedir que las y los manifestantes siguieran reteniendo camiones comerciales y del servicio p\u00fablico de transporte.<\/p>\n\n\n\n<p>\u201cAnte la reacci\u00f3n violenta de los presuntos estudiantes, los elementos policiales reaccionaron conforme a derecho, logrando poner el orden y aseguraron a los manifestantes bombas molotov, cadenas gruesas de hierro, tubos, cohetones y otros artefactos explosivos. Cabe resaltar que la actuaci\u00f3n de la SSPO siempre estar\u00e1 apegada a derecho, por lo que, se mantendr\u00e1 presencial institucional\u201d, inform\u00f3.<\/p>\n\n\n\n<p>Expuso que es as\u00ed como el Gobierno del Estado que encabeza Alejandro Murat Hinojosa, reitera su compromiso de salvaguardar la integridad de la ciudadan\u00eda, exhortando a las y los manifestantes a privilegiar la v\u00eda del di\u00e1logo a trav\u00e9s de las v\u00edas institucionales.<\/p>\n","protected":false},"excerpt":{"rendered":"<p>Redacci\u00f3n\/Zona Roja. Oaxaca de Ju\u00e1rez, Oax., 16 de diciembre de 2021.- Acostumbrados a agredir a&hellip;<\/p>\n","protected":false},"author":2,"featured_media":35448,"comment_status":"closed","ping_status":"open","sticky":false,"template":"","format":"standard","meta":{"_lmt_disableupdate":"","_lmt_disable":"","_jetpack_memberships_contains_paid_content":false,"footnotes":""},"categories":[109,47],"tags":[1421],"class_list":["post-35447","post","type-post","status-publish","format-standard","has-post-thumbnail","hentry","category-minuto-a-minuto","category-zona-gris","tag-secretaria-de-seguridad-publica-de-oaxaca-sspo"],"jetpack_featured_media_url":"https:\/\/zonaroja.com.mx\/wp-content\/uploads\/2021\/12\/optvo.-normalistas-1.jpeg","jetpack_sharing_enabled":true,"_links":{"self":[{"href":"https:\/\/zonaroja.com.mx\/index.php?rest_route=\/wp\/v2\/posts\/35447","targetHints":{"allow":["GET"]}}],"collection":[{"href":"https:\/\/zonaroja.com.mx\/index.php?rest_route=\/wp\/v2\/posts"}],"about":[{"href":"https:\/\/zonaroja.com.mx\/index.php?rest_route=\/wp\/v2\/types\/post"}],"author":[{"embeddable":true,"href":"https:\/\/zonaroja.com.mx\/index.php?rest_route=\/wp\/v2\/users\/2"}],"replies":[{"embeddable":true,"href":"https:\/\/zonaroja.com.mx\/index.php?rest_route=%2Fwp%2Fv2%2Fcomments&post=35447"}],"version-history":[{"count":1,"href":"https:\/\/zonaroja.com.mx\/index.php?rest_route=\/wp\/v2\/posts\/35447\/revisions"}],"predecessor-version":[{"id":35449,"href":"https:\/\/zonaroja.com.mx\/index.php?rest_route=\/wp\/v2\/posts\/35447\/revisions\/35449"}],"wp:featuredmedia":[{"embeddable":true,"href":"https:\/\/zonaroja.com.mx\/index.php?rest_route=\/wp\/v2\/media\/35448"}],"wp:attachment":[{"href":"https:\/\/zonaroja.com.mx\/index.php?rest_route=%2Fwp%2Fv2%2Fmedia&parent=35447"}],"wp:term":[{"taxonomy":"category","embeddable":true,"href":"https:\/\/zonaroja.com.mx\/index.php?rest_route=%2Fwp%2Fv2%2Fcategories&post=35447"},{"taxonomy":"post_tag","embeddable":true,"href":"https:\/\/zonaroja.com.mx\/index.php?rest_route=%2Fwp%2Fv2%2Ftags&post=35447"}],"curies":[{"name":"wp","href":"https:\/\/api.w.org\/{rel}","templated":true}]}}