{"id":35452,"date":"2021-12-16T19:57:14","date_gmt":"2021-12-17T01:57:14","guid":{"rendered":"http:\/\/www.zonaroja.com.mx\/?p=35452"},"modified":"2021-12-16T20:00:54","modified_gmt":"2021-12-17T02:00:54","slug":"despues-de-casi-48-horas-liberan-a-cinco-retenidos-en-valle-nacional","status":"publish","type":"post","link":"https:\/\/zonaroja.com.mx\/?p=35452","title":{"rendered":"Despu\u00e9s de casi 48 horas, liberan a cinco retenidos en Valle Nacional"},"content":{"rendered":"\n<p>Redacci\u00f3n\/Zona Roja.<\/p>\n\n\n\n<p>Oaxaca de Ju\u00e1rez, Oax., 16 de diciembre de 2021.- Luego de casi 48 horas, este d\u00eda, con intervenci\u00f3n de la Fiscal\u00eda General del Estado de Oaxaca, fueron liberadas cinco personas, que hab\u00edan sido retenidas en la localidad de Santiago Progreso, del municipio de San Juan Bautista Valle Nacional.<\/p>\n\n\n\n<p>A trav\u00e9s de un comunicado, inform\u00f3 que un grupo de pobladores mantuvo por la fuerza desde el pasado 14 de diciembre a las cinco personas.<\/p>\n\n\n\n<p>Detall\u00f3 que desde que tuvo conocimiento del hecho, despleg\u00f3 a su personal en la referida demarcaci\u00f3n, a fin de establecer un di\u00e1logo y lograr la liberaci\u00f3n inmediata de las personas retenidas, priorizando la protecci\u00f3n de su integridad y derechos humanos.<\/p>\n\n\n\n<p>\u201cAsimismo, en todo momento se trabaj\u00f3 de manera coordinada con personal de la Secretar\u00eda General de Gobierno del Estado (Segego) y de la Defensor\u00eda de los Derechos Humanos del Pueblo de Oaxaca (DDHPO).<\/p>\n\n\n\n<p>A\u00f1adi\u00f3 que \u201cdada la disposici\u00f3n y cooperaci\u00f3n por parte de los pobladores\u201d, la ma\u00f1ana de este jueves 16 de diciembre se concret\u00f3 la liberaci\u00f3n de las personas privadas de su libertad, quienes se encontraban en buen estado y fueron trasladadas de forma inmediata al Centro de Justicia de San Juan Bautista Tuxtepec, donde recibir\u00e1n la atenci\u00f3n pertinente.<\/p>\n","protected":false},"excerpt":{"rendered":"<p>Redacci\u00f3n\/Zona Roja. Oaxaca de Ju\u00e1rez, Oax., 16 de diciembre de 2021.- Luego de casi 48&hellip;<\/p>\n","protected":false},"author":2,"featured_media":35453,"comment_status":"closed","ping_status":"open","sticky":false,"template":"","format":"standard","meta":{"_lmt_disableupdate":"","_lmt_disable":"","_jetpack_memberships_contains_paid_content":false,"footnotes":""},"categories":[109,47],"tags":[1824],"class_list":["post-35452","post","type-post","status-publish","format-standard","has-post-thumbnail","hentry","category-minuto-a-minuto","category-zona-gris","tag-san-juan-bautista-valle-nacional"],"jetpack_featured_media_url":"https:\/\/zonaroja.com.mx\/wp-content\/uploads\/2021\/12\/Santiago-Progreso-Valle-Nacional.jpg","jetpack_sharing_enabled":true,"_links":{"self":[{"href":"https:\/\/zonaroja.com.mx\/index.php?rest_route=\/wp\/v2\/posts\/35452","targetHints":{"allow":["GET"]}}],"collection":[{"href":"https:\/\/zonaroja.com.mx\/index.php?rest_route=\/wp\/v2\/posts"}],"about":[{"href":"https:\/\/zonaroja.com.mx\/index.php?rest_route=\/wp\/v2\/types\/post"}],"author":[{"embeddable":true,"href":"https:\/\/zonaroja.com.mx\/index.php?rest_route=\/wp\/v2\/users\/2"}],"replies":[{"embeddable":true,"href":"https:\/\/zonaroja.com.mx\/index.php?rest_route=%2Fwp%2Fv2%2Fcomments&post=35452"}],"version-history":[{"count":2,"href":"https:\/\/zonaroja.com.mx\/index.php?rest_route=\/wp\/v2\/posts\/35452\/revisions"}],"predecessor-version":[{"id":35456,"href":"https:\/\/zonaroja.com.mx\/index.php?rest_route=\/wp\/v2\/posts\/35452\/revisions\/35456"}],"wp:featuredmedia":[{"embeddable":true,"href":"https:\/\/zonaroja.com.mx\/index.php?rest_route=\/wp\/v2\/media\/35453"}],"wp:attachment":[{"href":"https:\/\/zonaroja.com.mx\/index.php?rest_route=%2Fwp%2Fv2%2Fmedia&parent=35452"}],"wp:term":[{"taxonomy":"category","embeddable":true,"href":"https:\/\/zonaroja.com.mx\/index.php?rest_route=%2Fwp%2Fv2%2Fcategories&post=35452"},{"taxonomy":"post_tag","embeddable":true,"href":"https:\/\/zonaroja.com.mx\/index.php?rest_route=%2Fwp%2Fv2%2Ftags&post=35452"}],"curies":[{"name":"wp","href":"https:\/\/api.w.org\/{rel}","templated":true}]}}