{"id":3546,"date":"2019-08-30T22:10:18","date_gmt":"2019-08-31T03:10:18","guid":{"rendered":"http:\/\/www.zonaroja.com.mx\/?p=3546"},"modified":"2019-08-30T22:10:21","modified_gmt":"2019-08-31T03:10:21","slug":"oaxaca-con-24-horas-de-terror-seis-calcinados-dos-mas-asesinados-asaltos-violentos","status":"publish","type":"post","link":"https:\/\/zonaroja.com.mx\/?p=3546","title":{"rendered":"Oaxaca con 24 horas de terror: seis calcinados, dos m\u00e1s asesinados, asaltos violentos\u2026"},"content":{"rendered":"\n<p>Ismael\nGarc\u00eda M.\/Zona Roja.<\/p>\n\n\n\n<p>Oaxaca de\nJu\u00e1rez, Oax., 30 de agosto de 2019.- La entidad oaxaque\u00f1a vivi\u00f3 otra jornada de\nterror y sangre, con seis personas calcinadas en dos hechos distintos; dos\nasesinados y dos asaltos violentos, uno de ellos en la ciudad de Oaxaca, adem\u00e1s\nde un secuestro.<\/p>\n\n\n\n<p>Anoche en\njurisdicci\u00f3n de San Francisco Cozoaltepec, municipio de Santa Mar\u00eda Tonameca,\nregi\u00f3n de la Costa, fue hallado un veh\u00edculo calcinado, con tres cuerpos en su\ninterior, que hasta el momento no han sido identificados.<\/p>\n\n\n\n<p>Fue en el\ncamino que comunica a Santo Domingo de Morelos con la carretera federal n\u00famero\n200 en que se localiz\u00f3 la unidad totalmente siniestrada, alrededor de las 21:30\nhoras. Hasta el momento, la Vicefiscal\u00eda Regional de la Costa se ha reservado\nmayor informaci\u00f3n.<\/p>\n\n\n\n<p>IGUAL EN\nISTMO<\/p>\n\n\n\n<p>Un hecho\nsimilar, aunque en este caso se identific\u00f3 a los probables responsables,\nocurri\u00f3 tambi\u00e9n anoche en el municipio de San Mateo del Mar, regi\u00f3n del Istmo\nde Tehuantepec.<\/p>\n\n\n\n<p>Tras\nconfrontaciones entre transportistas que iniciaron ayer alrededor de las 18:00\nhoras en la localidad huave de Barrio Espinal, fue hallado un veh\u00edculo compacto\ncalcinado, con un cuerpo en su interior.<\/p>\n\n\n\n<p>La v\u00edctima\nen ese coche, seg\u00fan informes preliminares de la Vicefiscal\u00eda Regional del\nIstmo, podr\u00eda ser Pablo Eduardo L\u00f3pez Bautista, de 32 a\u00f1os de edad, quien\nfung\u00eda como delegado de la Secretar\u00eda de Movilidad del Gobierno del Estado, con\nsede en Salina Cruz.<\/p>\n\n\n\n<p>Los otros\ndos cuerpos presentan disparos de armas de fuego y a\u00fan no se han dado a conocer\nsus nombres; viajaban a bordo de una camioneta marca Dodge, tipo Challenger.<\/p>\n\n\n\n<p>Presuntamente\nel enfrentamiento se origin\u00f3 por la disputa de rutas de transporte de carga y\npasaje.<\/p>\n\n\n\n<p>CAPITAL VIOLENTA<\/p>\n\n\n\n<figure class=\"wp-block-embed-twitter wp-block-embed is-type-rich is-provider-twitter\"><div class=\"wp-block-embed__wrapper\">\n<div class=\"twitter-tweet\"><blockquote class=\"twitter-tweet\" data-lang=\"es\"><p lang=\"es\" dir=\"ltr\"><a href=\"https:\/\/twitter.com\/hashtag\/OaxacaRojo?src=hash&amp;ref_src=twsrc%5Etfw\">#OaxacaRojo<\/a><br>Se burla de nuevo delincuencia de operativos de <a href=\"https:\/\/twitter.com\/SSP_GobOax?ref_src=twsrc%5Etfw\">@SSP_GobOax<\/a> y <a href=\"https:\/\/twitter.com\/MunicipioSeguro?ref_src=twsrc%5Etfw\">@MunicipioSeguro<\/a>; esta tarde balean a cuentahabiente para robarle 40 mil pesos; la v\u00edctima, Alejandro C., en diagonal de Margaritas, colonia Reforma, ciudad de Oaxaca. <a href=\"https:\/\/t.co\/mBMWHU1oPY\">pic.twitter.com\/mBMWHU1oPY<\/a><\/p>&mdash; Zona Roja Oaxaca (@MexRoja) <a href=\"https:\/\/twitter.com\/MexRoja\/status\/1167554336987049985?ref_src=twsrc%5Etfw\">30 de agosto de 2019<\/a><\/blockquote><\/div>\n<\/div><\/figure>\n\n\n\n<p>Tambi\u00e9n\nanoche pero en la ciudad de Oaxaca, fue atacado con arma blanca un individuo en\ninmediaciones de la Central de Abasto. <\/p>\n\n\n\n<p>La v\u00edctima \u00fanicamente\nfue identificada como \u201cChech\u00e9\u201d, quien recibi\u00f3 al menos dos cuchilladas por lo\ncual fue trasladado al Hospital Civil \u201cDr. Aurelio Valdivieso\u201d, donde falleci\u00f3\na causa de la gravedad de las lesiones; no hay personas detenidas por ese caso.<\/p>\n\n\n\n<p>Y esta tarde\nde viernes, en la calle Diagonal de Margaritas de la colonia Reforma de la\ncapital, un individuo fue asaltado de manera violenta y despojado de al menos\n40 mil pesos, que reci\u00e9n hab\u00eda retirado de la sucursal Bancomer, ubicada sobre\nHeroico Colegio Militar.<\/p>\n\n\n\n<p>Quien\nrecibi\u00f3 al menos dos balazos en una pierna fue identificado Alejandro\nCastellanos, contador de la empresa SVS Profesionales, quien fue alcanzado por\ndos sujetos armados a bordo de una motocicleta.<\/p>\n\n\n\n<p>CUENCA\nSANGRIENTA<\/p>\n\n\n\n<p>A su vez, la\nmadrugada de este viernes en San Juan Bautista Tuxtepec fue asesinado a balazos\nel trabajador de una gasoliner\u00eda, hecho ocurrido en inmediaciones de la cervecera,\ncuando viajaba en su motocicleta.<\/p>\n\n\n\n<p>La v\u00ecctima\nfue identificada como V\u00ecctor Lara Gregorio, quien tuvo su domicilio en el\nfraccionamiento Riberas del Atoyac.<\/p>\n\n\n\n<p>ASALTO EN ISTMO\n<\/p>\n\n\n\n<p>Mientras\ntanto en Juchit\u00e1n de Zaragoza, un solitario individuo asalt\u00f3 a un trabajador de\nBanco Azteca.<\/p>\n\n\n\n<p>Fue en la\ncalle Urbieta donde el sujeto amag\u00f3 a la v\u00edctima con un arma de fuego, para\nquitarle dinero, celular y las llaves de una motocicleta, que se llev\u00f3 con\nrumbo desconocido.<\/p>\n\n\n\n<p>Como se dio\na conocer, en la Heroica Ciudad de Tlaxiaco fue secuestrado anoche el hijo de\nun empresario; hasta hoy no hay ning\u00fan informe de su probable localizaci\u00f3n o\nexigencia de rescate.<\/p>\n","protected":false},"excerpt":{"rendered":"<p>Ismael Garc\u00eda M.\/Zona Roja. Oaxaca de Ju\u00e1rez, Oax., 30 de agosto de 2019.- La entidad&hellip;<\/p>\n","protected":false},"author":2,"featured_media":3547,"comment_status":"closed","ping_status":"open","sticky":false,"template":"","format":"standard","meta":{"_lmt_disableupdate":"","_lmt_disable":"","_jetpack_memberships_contains_paid_content":false,"footnotes":""},"categories":[109,51],"tags":[644,605,645],"class_list":["post-3546","post","type-post","status-publish","format-standard","has-post-thumbnail","hentry","category-minuto-a-minuto","category-zona-roja","tag-calcinados","tag-san-mateo-del-mar","tag-santa-maria-tonameca"],"jetpack_featured_media_url":"https:\/\/zonaroja.com.mx\/wp-content\/uploads\/2019\/08\/20519bea-0102-406f-a03e-aec8e353e2d3.jpg","jetpack_sharing_enabled":true,"_links":{"self":[{"href":"https:\/\/zonaroja.com.mx\/index.php?rest_route=\/wp\/v2\/posts\/3546","targetHints":{"allow":["GET"]}}],"collection":[{"href":"https:\/\/zonaroja.com.mx\/index.php?rest_route=\/wp\/v2\/posts"}],"about":[{"href":"https:\/\/zonaroja.com.mx\/index.php?rest_route=\/wp\/v2\/types\/post"}],"author":[{"embeddable":true,"href":"https:\/\/zonaroja.com.mx\/index.php?rest_route=\/wp\/v2\/users\/2"}],"replies":[{"embeddable":true,"href":"https:\/\/zonaroja.com.mx\/index.php?rest_route=%2Fwp%2Fv2%2Fcomments&post=3546"}],"version-history":[{"count":1,"href":"https:\/\/zonaroja.com.mx\/index.php?rest_route=\/wp\/v2\/posts\/3546\/revisions"}],"predecessor-version":[{"id":3548,"href":"https:\/\/zonaroja.com.mx\/index.php?rest_route=\/wp\/v2\/posts\/3546\/revisions\/3548"}],"wp:featuredmedia":[{"embeddable":true,"href":"https:\/\/zonaroja.com.mx\/index.php?rest_route=\/wp\/v2\/media\/3547"}],"wp:attachment":[{"href":"https:\/\/zonaroja.com.mx\/index.php?rest_route=%2Fwp%2Fv2%2Fmedia&parent=3546"}],"wp:term":[{"taxonomy":"category","embeddable":true,"href":"https:\/\/zonaroja.com.mx\/index.php?rest_route=%2Fwp%2Fv2%2Fcategories&post=3546"},{"taxonomy":"post_tag","embeddable":true,"href":"https:\/\/zonaroja.com.mx\/index.php?rest_route=%2Fwp%2Fv2%2Ftags&post=3546"}],"curies":[{"name":"wp","href":"https:\/\/api.w.org\/{rel}","templated":true}]}}