{"id":35468,"date":"2021-12-17T07:37:04","date_gmt":"2021-12-17T13:37:04","guid":{"rendered":"http:\/\/www.zonaroja.com.mx\/?p=35468"},"modified":"2021-12-17T07:37:07","modified_gmt":"2021-12-17T13:37:07","slug":"muere-baleado-en-miahuatlan-suman-tres-victimas-del-jueves","status":"publish","type":"post","link":"https:\/\/zonaroja.com.mx\/?p=35468","title":{"rendered":"Muere baleado en Miahuatl\u00e1n; suman tres v\u00edctimas del jueves"},"content":{"rendered":"\n<p>Redacci\u00f3n\/Zona Roja.<\/p>\n\n\n\n<p>Oaxaca de Ju\u00e1rez, Oax., 17 de diciembre de 2021.- La persona del sexo masculino baleada anoche en Miahuatl\u00e1n de Porfirio D\u00edaz, perdi\u00f3 la vida en un nosocomio. Con ese caso, suman tres asesinatos perpetrados en el estado de Oaxaca durante el d\u00eda jueves.<\/p>\n\n\n\n<p>Fue en la calle Mariano Escobedo esquina con Melchor Ocampo, en el centro de dicho municipio de la Sierra Sur en que el individuo fue atacado a balazos y posteriormente falleci\u00f3 debido a la gravedad de las lesiones.<\/p>\n\n\n\n<p>La v\u00edctima fue identificada de manera preliminar como Abner, de 48 a\u00f1os de edad.<\/p>\n\n\n\n<p>Como se inform\u00f3 ayer, en la ciudad de Oaxaca fue ultimado un individuo, que fue identificado como L\u00e1zaro G., de 20 a\u00f1os de edad, comerciante originario de San Antonino Castillo Velasco, a bordo de su camioneta marca Nissan con placas de circulaci\u00f3n J5386A, de la Ciudad de M\u00e9xico.<\/p>\n\n\n\n<p>Mientras que Putla Villa de Guerrero fue asesinado Marcelino \u00c1lvarez Gonz\u00e1lez, de 48 a\u00f1os de edad, agente municipal suplente de Cruz Chiquita.<\/p>\n","protected":false},"excerpt":{"rendered":"<p>Redacci\u00f3n\/Zona Roja. Oaxaca de Ju\u00e1rez, Oax., 17 de diciembre de 2021.- La persona del sexo&hellip;<\/p>\n","protected":false},"author":2,"featured_media":35469,"comment_status":"closed","ping_status":"open","sticky":false,"template":"","format":"standard","meta":{"_lmt_disableupdate":"","_lmt_disable":"","_jetpack_memberships_contains_paid_content":false,"footnotes":""},"categories":[109,51],"tags":[169],"class_list":["post-35468","post","type-post","status-publish","format-standard","has-post-thumbnail","hentry","category-minuto-a-minuto","category-zona-roja","tag-miahuatlan-de-porfirio-diaz"],"jetpack_featured_media_url":"https:\/\/zonaroja.com.mx\/wp-content\/uploads\/2021\/12\/Asesinado-ciudad-de-Oaxaca-1.jpg","jetpack_sharing_enabled":true,"_links":{"self":[{"href":"https:\/\/zonaroja.com.mx\/index.php?rest_route=\/wp\/v2\/posts\/35468","targetHints":{"allow":["GET"]}}],"collection":[{"href":"https:\/\/zonaroja.com.mx\/index.php?rest_route=\/wp\/v2\/posts"}],"about":[{"href":"https:\/\/zonaroja.com.mx\/index.php?rest_route=\/wp\/v2\/types\/post"}],"author":[{"embeddable":true,"href":"https:\/\/zonaroja.com.mx\/index.php?rest_route=\/wp\/v2\/users\/2"}],"replies":[{"embeddable":true,"href":"https:\/\/zonaroja.com.mx\/index.php?rest_route=%2Fwp%2Fv2%2Fcomments&post=35468"}],"version-history":[{"count":1,"href":"https:\/\/zonaroja.com.mx\/index.php?rest_route=\/wp\/v2\/posts\/35468\/revisions"}],"predecessor-version":[{"id":35470,"href":"https:\/\/zonaroja.com.mx\/index.php?rest_route=\/wp\/v2\/posts\/35468\/revisions\/35470"}],"wp:featuredmedia":[{"embeddable":true,"href":"https:\/\/zonaroja.com.mx\/index.php?rest_route=\/wp\/v2\/media\/35469"}],"wp:attachment":[{"href":"https:\/\/zonaroja.com.mx\/index.php?rest_route=%2Fwp%2Fv2%2Fmedia&parent=35468"}],"wp:term":[{"taxonomy":"category","embeddable":true,"href":"https:\/\/zonaroja.com.mx\/index.php?rest_route=%2Fwp%2Fv2%2Fcategories&post=35468"},{"taxonomy":"post_tag","embeddable":true,"href":"https:\/\/zonaroja.com.mx\/index.php?rest_route=%2Fwp%2Fv2%2Ftags&post=35468"}],"curies":[{"name":"wp","href":"https:\/\/api.w.org\/{rel}","templated":true}]}}