{"id":35474,"date":"2021-12-17T08:06:55","date_gmt":"2021-12-17T14:06:55","guid":{"rendered":"http:\/\/www.zonaroja.com.mx\/?p=35474"},"modified":"2021-12-17T08:06:58","modified_gmt":"2021-12-17T14:06:58","slug":"atienden-ieepo-y-brigada-ver-bien-a-3478-estudiantes-con-examenes-de-vista","status":"publish","type":"post","link":"https:\/\/zonaroja.com.mx\/?p=35474","title":{"rendered":"Atienden IEEPO y Brigada \u201cVer Bien\u201d a 3,478 estudiantes con ex\u00e1menes de vista"},"content":{"rendered":"\n<p>Redacci\u00f3n\/Zona Roja.<\/p>\n\n\n\n<p>Oaxaca de Ju\u00e1rez, Oax., 17 de diciembre de 2021.- El Instituto Estatal de Educaci\u00f3n P\u00fablica de Oaxaca (IEEPO), en coordinaci\u00f3n con la Fundaci\u00f3n \u201cVer Bien\u201d, A.C., suman esfuerzos para que ni\u00f1as y ni\u00f1os mejoren su visi\u00f3n y en consecuencia su aprendizaje en igualdad de oportunidades, lo que ha contribuido a disminuir el bajo rendimiento, la reprobaci\u00f3n y la deserci\u00f3n escolar.<\/p>\n\n\n\n<p>De acuerdo con informaci\u00f3n de la Direcci\u00f3n de Desarrollo Educativo, durante las actividades de detecci\u00f3n en la Brigada de Atenci\u00f3n Visual realizada del 13 de septiembre al 15 de octubre del 2021, se atendieron a tres mil 478 alumnos con ex\u00e1menes de la vista, beneficiando con anteojos a mil 168 alumnos de educaci\u00f3n primaria y secundaria de 14 municipios de las regiones de la Costa y Mixteca.<\/p>\n\n\n\n<p>A trav\u00e9s de este esquema, con el respaldo del gobernador Alejandro Murat Hinojosa, durante las visitas a las escuelas especialistas diagnostican en las ni\u00f1as, ni\u00f1os y adolescentes, problemas en la visi\u00f3n como la miop\u00eda, hipermetrop\u00eda y astigmatismo, ya que de acuerdo a los estudios realizados, a nivel nacional el 12% de la poblaci\u00f3n padece alg\u00fan tipo de discapacidad visual.<\/p>\n\n\n\n<p>Una vez evaluados las y los alumnos, se les hace entrega de anteojos de forma gratuita a quienes los necesitan, y aquellos que requieren una atenci\u00f3n especializada son canalizados a las instancias correspondientes para su tratamiento o cirug\u00eda oftalmol\u00f3gica y de esta manera mejorar su calidad de vida y rendimiento escolar.<\/p>\n\n\n\n<p>Debido a la contingencia de salud nacional por Covid-19, el 16 de marzo del 2020 se instruy\u00f3 suspender la brigada de atenci\u00f3n visual en el estado, dentro del marco de las disposiciones de la Secretar\u00eda de Salud para la prevenci\u00f3n contagios.<\/p>\n\n\n\n<p>Sin embargo, al inicio del Ciclo Escolar 2021-2022 y al regreso consensuado a las actividades semipresenciales en las escuelas del estado de Oaxaca, en el mes de septiembre se determin\u00f3 retomar la Brigada de Atenci\u00f3n Visual para la implementaci\u00f3n del nuevo protocolo de la Fundaci\u00f3n \u201cVer Bien\u201d A.C.<\/p>\n\n\n\n<p>\u201cVer bien para aprender mejor\u201d, es un programa en conjunto con la sociedad civil para abatir el rezago educativo de alumnos de educaci\u00f3n b\u00e1sica detectados con deficiencia visual y sean apoyados con lentes de calidad.<\/p>\n","protected":false},"excerpt":{"rendered":"<p>Redacci\u00f3n\/Zona Roja. Oaxaca de Ju\u00e1rez, Oax., 17 de diciembre de 2021.- El Instituto Estatal de&hellip;<\/p>\n","protected":false},"author":2,"featured_media":35475,"comment_status":"closed","ping_status":"open","sticky":false,"template":"","format":"standard","meta":{"_lmt_disableupdate":"","_lmt_disable":"","_jetpack_memberships_contains_paid_content":false,"footnotes":""},"categories":[109,46],"tags":[2837],"class_list":["post-35474","post","type-post","status-publish","format-standard","has-post-thumbnail","hentry","category-minuto-a-minuto","category-zona-blanca","tag-instituto-estatal-de-educacion-publica-de-oaxaca-ieepo"],"jetpack_featured_media_url":"https:\/\/zonaroja.com.mx\/wp-content\/uploads\/2021\/12\/01-IEEPO-BRIGADA-VER-BIEN.jpg","jetpack_sharing_enabled":true,"_links":{"self":[{"href":"https:\/\/zonaroja.com.mx\/index.php?rest_route=\/wp\/v2\/posts\/35474","targetHints":{"allow":["GET"]}}],"collection":[{"href":"https:\/\/zonaroja.com.mx\/index.php?rest_route=\/wp\/v2\/posts"}],"about":[{"href":"https:\/\/zonaroja.com.mx\/index.php?rest_route=\/wp\/v2\/types\/post"}],"author":[{"embeddable":true,"href":"https:\/\/zonaroja.com.mx\/index.php?rest_route=\/wp\/v2\/users\/2"}],"replies":[{"embeddable":true,"href":"https:\/\/zonaroja.com.mx\/index.php?rest_route=%2Fwp%2Fv2%2Fcomments&post=35474"}],"version-history":[{"count":1,"href":"https:\/\/zonaroja.com.mx\/index.php?rest_route=\/wp\/v2\/posts\/35474\/revisions"}],"predecessor-version":[{"id":35476,"href":"https:\/\/zonaroja.com.mx\/index.php?rest_route=\/wp\/v2\/posts\/35474\/revisions\/35476"}],"wp:featuredmedia":[{"embeddable":true,"href":"https:\/\/zonaroja.com.mx\/index.php?rest_route=\/wp\/v2\/media\/35475"}],"wp:attachment":[{"href":"https:\/\/zonaroja.com.mx\/index.php?rest_route=%2Fwp%2Fv2%2Fmedia&parent=35474"}],"wp:term":[{"taxonomy":"category","embeddable":true,"href":"https:\/\/zonaroja.com.mx\/index.php?rest_route=%2Fwp%2Fv2%2Fcategories&post=35474"},{"taxonomy":"post_tag","embeddable":true,"href":"https:\/\/zonaroja.com.mx\/index.php?rest_route=%2Fwp%2Fv2%2Ftags&post=35474"}],"curies":[{"name":"wp","href":"https:\/\/api.w.org\/{rel}","templated":true}]}}