{"id":35477,"date":"2021-12-17T08:15:43","date_gmt":"2021-12-17T14:15:43","guid":{"rendered":"http:\/\/www.zonaroja.com.mx\/?p=35477"},"modified":"2021-12-17T08:15:47","modified_gmt":"2021-12-17T14:15:47","slug":"en-mayo-preven-concluir-obras-de-avenida-simbolos-patrios-sin-danar-arboles","status":"publish","type":"post","link":"https:\/\/zonaroja.com.mx\/?p=35477","title":{"rendered":"En mayo prev\u00e9n concluir obras de avenida S\u00edmbolos Patrios, sin da\u00f1ar \u00e1rboles"},"content":{"rendered":"\n<p>Redacci\u00f3n\/Zona Roja.<\/p>\n\n\n\n<p>Oaxaca de Ju\u00e1rez, Oax., 17 de diciembre de 2021.- Los trabajos de ampliaci\u00f3n de la avenida S\u00edmbolos Patrios, al sur de la ciudad de Oaxaca prev\u00e9n concluirse en mayo del a\u00f1o pr\u00f3ximo y \u201cno se tocar\u00e1 ni un solo \u00e1rbol de la v\u00eda\u201d, inform\u00f3 la Secretar\u00eda de las Infraestructuras y Ordenamiento Territorial Sustentable (Sinfra).<\/p>\n\n\n\n<p>Los trabajos tienen una inversi\u00f3n de 194 millones 984 mil pesos y la obra comprende el reforzamiento del puente en el r\u00edo \u201cSalado\u201d, con una nueva estructura a base de pilas coladas en sitio con perforaciones de 36 metros del nivel de la rasante, con 16 tabletas reforzadas y ocho pilas de cada lado con caballetes.<\/p>\n\n\n\n<p>Adem\u00e1s, una ciclov\u00eda de cuatro kil\u00f3metros confinada en ambos carriles, la ampliaci\u00f3n de banquetas para dar mayor seguridad a los peatones, un proyecto integral de iluminaci\u00f3n efectiva, moderna y ahorrativa que beneficie a los transe\u00fantes y se destac\u00f3 que \u201cno se tocar\u00e1 ni un solo \u00e1rbol de la v\u00eda\u201d.<\/p>\n\n\n\n<p>El titular de la Sinfra, Javier Lazcano Vargas, efectu\u00f3 ayer un recorrido por ese y otros trabajos en la zona metropolitana de la capital, en que se detall\u00f3 que la iluminaci\u00f3n en el tramo estar\u00e1 orientado a la ciclov\u00eda y las banquetas con postes de hasta cuatro brazos, un nuevo sistema de semaforizaci\u00f3n orientado al uso peatonal con cinco cruces encauzados a las personas con discapacidad -infraestructura con la que no se cuenta actualmente-.<\/p>\n\n\n\n<p>Asimismo, se construye en cuatro frentes el drenaje pluvial con tuber\u00eda PEAD de 90 y 75 cent\u00edmetros de di\u00e1metro, incluidos pozos de visita y construcci\u00f3n de bocas de tormenta, la rehabilitaci\u00f3n de una l\u00ednea de drenaje pluvial existente de 90 cms. de di\u00e1metro del km 2+560 al km 2+957, el cual requiere de infraestructura adicional que ser\u00e1 construida (bocas de tormenta y rejillas) y que ser\u00e1 complementado con la construcci\u00f3n de una l\u00ednea adicional que arranca desde el entronque de Avenida Universidad en el km 2+480 y que se unir\u00e1 al drenaje existente en el km 2+560; con ello se evitar\u00e1n las inundaciones que sufren las colonias de las zonas aleda\u00f1as y en la agencia de Candiani.<\/p>\n\n\n\n<p>TAMBI\u00c9N CENTRO CULTURAL<\/p>\n\n\n\n<p>En representaci\u00f3n del gobernador Alejandro Murat Hinojosa, el titular de la Secretar\u00eda de las Infraestructuras supervis\u00f3 tambi\u00e9n nuevo Centro Cultural \u00c1lvaro Carrillo, que tendr\u00e1 una inversi\u00f3n superior a los 360 millones de pesos, se explic\u00f3 que se encuentra en la etapa de excavaci\u00f3n para el desplante de la estructura en el nivel -7.60 mts.<\/p>\n\n\n\n<p>El proyecto plantea la construcci\u00f3n de una estructura que tiene dos s\u00f3tanos y una cisterna por debajo del nivel 0.00 de planta baja, que se construir\u00e1 principalmente de estructura de concreto reforzado y a partir de este nivel se construir\u00e1 principalmente con estructura met\u00e1lica en combinaci\u00f3n con losas a base de sistema losacero en sus diferentes niveles.<\/p>\n\n\n\n<p>Actualmente se trabaja en un proceso de rehabilitaci\u00f3n del suelo de desplante dado que la geolog\u00eda del lugar no es favorable, por lo que se coloca una capa de piedra bola con di\u00e1metros que van desde 12 pulgadas hasta di\u00e1metros m\u00ednimos de 1.5 pulgadas, que tendr\u00e1 la suficiente capacidad de carga que requiere la estructura sin tener el peligro de los asentamientos o de sufrir efectos por sismos.<\/p>\n\n\n\n<p>Lazcano Vargas destac\u00f3 que el gobierno que encabeza Alejandro Murat Hinojosa entregar\u00e1 obras que permiten consolidar el crecimiento econ\u00f3mico, la creaci\u00f3n de empleos y el mejoramiento de las condiciones de vida, ya que este centro cultural detonar\u00e1 la oferta tur\u00edstica, artesanal y art\u00edstica de las y los oaxaque\u00f1os.<\/p>\n\n\n\n<p>A su vez, la directora general de ICA, Guadalupe Phillips y el director de proyectos Ricardo Ibarra Garc\u00eda Parra, destacaron que los trabajos se realizan con apego a los tiempos planteados y con una \u00f3ptima calidad.<\/p>\n","protected":false},"excerpt":{"rendered":"<p>Redacci\u00f3n\/Zona Roja. Oaxaca de Ju\u00e1rez, Oax., 17 de diciembre de 2021.- Los trabajos de ampliaci\u00f3n&hellip;<\/p>\n","protected":false},"author":2,"featured_media":35478,"comment_status":"closed","ping_status":"open","sticky":false,"template":"","format":"standard","meta":{"_lmt_disableupdate":"","_lmt_disable":"","_jetpack_memberships_contains_paid_content":false,"footnotes":""},"categories":[109,46],"tags":[1915],"class_list":["post-35477","post","type-post","status-publish","format-standard","has-post-thumbnail","hentry","category-minuto-a-minuto","category-zona-blanca","tag-secretaria-de-las-infraestructuras-y-ordenamiento-territorial-sinfra"],"jetpack_featured_media_url":"https:\/\/zonaroja.com.mx\/wp-content\/uploads\/2021\/12\/SUPERVISION-OBRAS-SIMBOLOS-PATRIOS-CENTRO-CULTURAL-ALVARO-CARRILLO-3.jpg","jetpack_sharing_enabled":true,"_links":{"self":[{"href":"https:\/\/zonaroja.com.mx\/index.php?rest_route=\/wp\/v2\/posts\/35477","targetHints":{"allow":["GET"]}}],"collection":[{"href":"https:\/\/zonaroja.com.mx\/index.php?rest_route=\/wp\/v2\/posts"}],"about":[{"href":"https:\/\/zonaroja.com.mx\/index.php?rest_route=\/wp\/v2\/types\/post"}],"author":[{"embeddable":true,"href":"https:\/\/zonaroja.com.mx\/index.php?rest_route=\/wp\/v2\/users\/2"}],"replies":[{"embeddable":true,"href":"https:\/\/zonaroja.com.mx\/index.php?rest_route=%2Fwp%2Fv2%2Fcomments&post=35477"}],"version-history":[{"count":1,"href":"https:\/\/zonaroja.com.mx\/index.php?rest_route=\/wp\/v2\/posts\/35477\/revisions"}],"predecessor-version":[{"id":35479,"href":"https:\/\/zonaroja.com.mx\/index.php?rest_route=\/wp\/v2\/posts\/35477\/revisions\/35479"}],"wp:featuredmedia":[{"embeddable":true,"href":"https:\/\/zonaroja.com.mx\/index.php?rest_route=\/wp\/v2\/media\/35478"}],"wp:attachment":[{"href":"https:\/\/zonaroja.com.mx\/index.php?rest_route=%2Fwp%2Fv2%2Fmedia&parent=35477"}],"wp:term":[{"taxonomy":"category","embeddable":true,"href":"https:\/\/zonaroja.com.mx\/index.php?rest_route=%2Fwp%2Fv2%2Fcategories&post=35477"},{"taxonomy":"post_tag","embeddable":true,"href":"https:\/\/zonaroja.com.mx\/index.php?rest_route=%2Fwp%2Fv2%2Ftags&post=35477"}],"curies":[{"name":"wp","href":"https:\/\/api.w.org\/{rel}","templated":true}]}}