{"id":35484,"date":"2021-12-17T16:22:48","date_gmt":"2021-12-17T22:22:48","guid":{"rendered":"http:\/\/www.zonaroja.com.mx\/?p=35484"},"modified":"2021-12-17T16:22:52","modified_gmt":"2021-12-17T22:22:52","slug":"saquen-sus-tiliches-advirtio-oswaldo-garcia-quiere-despojar-de-centro-comercial","status":"publish","type":"post","link":"https:\/\/zonaroja.com.mx\/?p=35484","title":{"rendered":"\u201c\u00a1Saquen sus tiliches!\u201d, advirti\u00f3 Oswaldo Garc\u00eda; quiere despojar de Centro Comercial"},"content":{"rendered":"\n<p>Yuridiana Sosa\/Zona Roja.<\/p>\n\n\n\n<p>Oaxaca de Ju\u00e1rez, Oax., 17 de diciembre de 2021.- Comerciantes del Centro Comercial \u201cReforma\u201d, de la capital de Oaxaca, se manifestaron ante el desalojo del inmueble, mismo del que ya advirti\u00f3 el propio edil Oswaldo Garc\u00eda Jarqu\u00edn a los peque\u00f1os empresarios.<\/p>\n\n\n\n<p>\u201cV\u00e1yanse a sacar sus tiliches porque se van\u201d fue la respuesta que el presidente de Oaxaca de Ju\u00e1rez ofreci\u00f3 a los afectados al buscar un di\u00e1logo para frenar esta situaci\u00f3n, indicaron durante su protesta a un costado del centro comercial ubicado al norte de la capital.<\/p>\n\n\n\n<p>Los peque\u00f1os empresarios se encuentran desesperados y preocupados por el cierre de este espacio que por m\u00e1s de 40 a\u00f1os ha sido el sustento de miles de familia y del que actualmente al menos 100 personas dependen para percibir un ingreso.<\/p>\n\n\n\n<p>\u201cOswaldo Garc\u00eda Jarqu\u00edn, alto al desalojo del Centro Comercial \u2018Reforma\u2019, por tercera ocasi\u00f3n\u201d, manifestaron por medio de lonas que tambi\u00e9n han colocado en los accesos a ese inmueble.<\/p>\n\n\n\n<figure class=\"wp-block-embed is-type-rich is-provider-twitter wp-block-embed-twitter\"><div class=\"wp-block-embed__wrapper\">\n<div class=\"twitter-tweet\"><blockquote class=\"twitter-tweet\" data-lang=\"es\"><p lang=\"es\" dir=\"ltr\"><a href=\"https:\/\/twitter.com\/hashtag\/ENVIVO?src=hash&amp;ref_src=twsrc%5Etfw\">#ENVIVO<\/a> <br>Oaxaca de Ju\u00e1rez, Oax., 17 de diciembre de 2021.- Comerciantes del Centro Comercial Reforma bloquean calles de la colonia Reforma, en rechazo a la privatizaci\u00f3n y entrega de dicho recinto.<br><br>Aqu\u00ed la transmisi\u00f3n:<br>\ud83d\udc47<a href=\"https:\/\/t.co\/NzEJDYWHfs\">https:\/\/t.co\/NzEJDYWHfs<\/a> <a href=\"https:\/\/t.co\/7zJf0p8qxt\">pic.twitter.com\/7zJf0p8qxt<\/a><\/p>&mdash; Zona Roja Oaxaca (@Zona_Roja_Oax) <a href=\"https:\/\/twitter.com\/Zona_Roja_Oax\/status\/1471904937592328192?ref_src=twsrc%5Etfw\">17 de diciembre de 2021<\/a><\/blockquote><\/div>\n<\/div><\/figure>\n\n\n\n<p>El edil plantea pagar en especie, con la entrega de este centro comercial, la deuda de m\u00e1s de 24 millones de pesos que mantiene con los sindicatos, por concepto de pensiones y otras cuotas.<\/p>\n\n\n\n<p>Pero en medio de la temporada decembrina y a menos de dos semanas que termine su administraci\u00f3n, la noticia parece ser un hecho para los comerciantes, quienes temen por su patrimonio, y espacios de trabajo, que ha pasado en algunas familias por tres generaciones.<\/p>\n\n\n\n<p>A esta lucha contra el desalojo se unieron comerciantes del mercado \u201cHidalgo\u201d, que se ubica a un costado del inmueble afectado.<\/p>\n\n\n\n<p>Por unas dos horas, los comerciantes del Centro Comercial bloquearon la esquina de las calles Emilio Carranza y Sabinos, para denunciar la pretensi\u00f3n del edil surgido del Partido Morena, tras lo cual se retiraron.<\/p>\n\n\n\n<p>Sin embargo, advirtieron que efectuar\u00e1n otras acciones, en caso de que la autoridad insista en desalojarlos.<\/p>\n","protected":false},"excerpt":{"rendered":"<p>Yuridiana Sosa\/Zona Roja. Oaxaca de Ju\u00e1rez, Oax., 17 de diciembre de 2021.- Comerciantes del Centro&hellip;<\/p>\n","protected":false},"author":2,"featured_media":35485,"comment_status":"closed","ping_status":"open","sticky":false,"template":"","format":"standard","meta":{"_lmt_disableupdate":"","_lmt_disable":"","_jetpack_memberships_contains_paid_content":false,"footnotes":""},"categories":[109,46],"tags":[],"class_list":["post-35484","post","type-post","status-publish","format-standard","has-post-thumbnail","hentry","category-minuto-a-minuto","category-zona-blanca"],"jetpack_featured_media_url":"https:\/\/zonaroja.com.mx\/wp-content\/uploads\/2021\/12\/Protesta-Centro-Comercial-Reforma.jpg","jetpack_sharing_enabled":true,"_links":{"self":[{"href":"https:\/\/zonaroja.com.mx\/index.php?rest_route=\/wp\/v2\/posts\/35484","targetHints":{"allow":["GET"]}}],"collection":[{"href":"https:\/\/zonaroja.com.mx\/index.php?rest_route=\/wp\/v2\/posts"}],"about":[{"href":"https:\/\/zonaroja.com.mx\/index.php?rest_route=\/wp\/v2\/types\/post"}],"author":[{"embeddable":true,"href":"https:\/\/zonaroja.com.mx\/index.php?rest_route=\/wp\/v2\/users\/2"}],"replies":[{"embeddable":true,"href":"https:\/\/zonaroja.com.mx\/index.php?rest_route=%2Fwp%2Fv2%2Fcomments&post=35484"}],"version-history":[{"count":1,"href":"https:\/\/zonaroja.com.mx\/index.php?rest_route=\/wp\/v2\/posts\/35484\/revisions"}],"predecessor-version":[{"id":35486,"href":"https:\/\/zonaroja.com.mx\/index.php?rest_route=\/wp\/v2\/posts\/35484\/revisions\/35486"}],"wp:featuredmedia":[{"embeddable":true,"href":"https:\/\/zonaroja.com.mx\/index.php?rest_route=\/wp\/v2\/media\/35485"}],"wp:attachment":[{"href":"https:\/\/zonaroja.com.mx\/index.php?rest_route=%2Fwp%2Fv2%2Fmedia&parent=35484"}],"wp:term":[{"taxonomy":"category","embeddable":true,"href":"https:\/\/zonaroja.com.mx\/index.php?rest_route=%2Fwp%2Fv2%2Fcategories&post=35484"},{"taxonomy":"post_tag","embeddable":true,"href":"https:\/\/zonaroja.com.mx\/index.php?rest_route=%2Fwp%2Fv2%2Ftags&post=35484"}],"curies":[{"name":"wp","href":"https:\/\/api.w.org\/{rel}","templated":true}]}}