{"id":35487,"date":"2021-12-17T16:40:33","date_gmt":"2021-12-17T22:40:33","guid":{"rendered":"http:\/\/www.zonaroja.com.mx\/?p=35487"},"modified":"2021-12-17T16:40:37","modified_gmt":"2021-12-17T22:40:37","slug":"deje-el-canto-por-el-senado-pero-estoy-satisfecha-con-lo-logrado-susana-harp","status":"publish","type":"post","link":"https:\/\/zonaroja.com.mx\/?p=35487","title":{"rendered":"Dej\u00e9 el canto por el Senado, pero estoy satisfecha con lo logrado: Susana Harp"},"content":{"rendered":"\n<p>Redacci\u00f3n\/Zona Roja Cdmx.<\/p>\n\n\n\n<p>Ciudad de M\u00e9xico, 17 de diciembre de 2021.- La senadora morenista Susana Harp Iturribarr\u00eda, aspirante al gobierno de Oaxaca, asegura que est\u00e1 contenta de haber dejado el micr\u00f3fono del canto por los micr\u00f3fonos en el sal\u00f3n de sesiones del Senado, porque en tres a\u00f1os ha logrado la aprobaci\u00f3n de leyes relacionadas con dos temas por los que ha luchado toda su vida: el reconocimiento en la Constituci\u00f3n de las comunidades afromexicanas y frenar el plagio del arte y la cultura de los pueblos ind\u00edgenas.<\/p>\n\n\n\n<p>En entrevista con \u201cLa Jornada\u201d, coment\u00f3 que est\u00e1 en espera de que concluya el proceso de selecci\u00f3n interna de Morena y conf\u00eda en que en este momento y siempre prevalezca la unidad, ya que es importante para fortalecer a un estado donde no hay nada que inventar, s\u00f3lo reconocer su grandeza y sacar el oro y la ra\u00edz profunda.<\/p>\n\n\n\n<p>La charla se llev\u00f3 a cabo el mi\u00e9rcoles pasado, luego de concluir la \u00faltima sesi\u00f3n del periodo ordinario en esa c\u00e1mara. En su esca\u00f1o, la senadora Harp luce, como ha sido habitual desde septiembre de 2018, cuando comenz\u00f3 esta legislatura, una prenda de artesan\u00eda oaxaque\u00f1a: una blusa violeta con cuello de bordados de Pinotepa.<\/p>\n\n\n\n<p>TRABAJAR POR EL BIEN COMUNITARIO<\/p>\n\n\n\n<p>Su incursi\u00f3n en la pol\u00edtica fue en 2018, cuando el entonces candidato presidencial Andr\u00e9s Manuel L\u00f3pez Obrador invit\u00f3 a la cantante y promotora musical a contender, bajo las siglas de Morena, por la senadur\u00eda en Oaxaca, que gan\u00f3 de forma holgada. Sin embargo, acota que siempre ha hecho pol\u00edtica, si se considera que \u00e9sta consiste en trabajar por el bien comunitario.<\/p>\n\n\n\n<p>Graduada en sicolog\u00eda con estudios en canto, desde los 16 a\u00f1os comenz\u00f3 a realizar trabajos en comunidades ind\u00edgenas, lo que \u201cme cambi\u00f3 la vida, al regalarme experiencias vitales, desde aprender a tejer en un telar de cintura y a ver los textiles con ojos muy diferentes al entender todas las horas, meses de trabajo ah\u00ed plasmados.<\/p>\n\n\n\n<p>A la par, desarroll\u00f3 su carrera art\u00edstica. Sus discos, producidos todos de forma aut\u00f3noma, nunca aludieron a temas de amor o desamor, porque para ella la m\u00fasica es el veh\u00edculo gozoso para poder poner en el centro de la discusi\u00f3n y visibilizar temas como los derechos de las comunidades afromexicanas.<\/p>\n\n\n\n<p>Canta en ocho lenguas ind\u00edgenas. No las hablo; por supuesto que soy mestiza, pero me acerqu\u00e9 con poetas de las diferentes etnias, me ense\u00f1aron a pronunciar bien y trat\u00e9 de cantar en ellas de la forma m\u00e1s respetuosa que pude.<\/p>\n\n\n\n<p>EXTRA\u00d1O LOS ESCENARIOS<\/p>\n\n\n\n<p>Reconoce que extra\u00f1a los escenarios y los aplausos del p\u00fablico, pero est\u00e1 muy contenta, muy satisfecha con lo que ha logrado en estos tres a\u00f1os como senadora. Y rememora: \u201c\u00bfSaben cu\u00e1ntas veces cant\u00e9 en conciertos \u2018Soy el negro de la costa de Guerrero y Oaxaca\u2019?\u201d Asegura que denunciaba en el escenario las vejaciones e injusticias que sufren los afroamericanos.<\/p>\n\n\n\n<p>Como promotora cultural, la senadora Harp realiz\u00f3 un festival muy grande, que se llam\u00f3 Santa Negritud, la Ra\u00edz Olvidada, y en el bicentenario de la Independencia aludi\u00f3 a algo de lo que por supuesto nadie se acordaba: que Vicente Guerrero y Jos\u00e9 Mar\u00eda Morelos eran afromexicanos. Ni m\u00e1s ni menos.<\/p>\n\n\n\n<p>Y fue finalmente en el pleno del Senado (en el que luci\u00f3 huipiles de todas las regiones de Oaxaca) donde present\u00f3 la reforma por la que se llev\u00f3 a la Constituci\u00f3n el reconocimiento de las comunidades afromexicanas y sus derechos. A partir de ello, el Inegi realiz\u00f3 un censo nacional sobre esa poblaci\u00f3n. Es una de las preocupaciones que siempre la acompa\u00f1aron. La otra, recalc\u00f3, fue frenar los plagios y el despojo del arte ind\u00edgena por marcas internacionales, que se enriquecen al copiar o robar sus dise\u00f1os.<\/p>\n\n\n\n<p>Relat\u00f3 que fue ella quien descubri\u00f3 la blusa con dise\u00f1os de los textiles de Santa Mar\u00eda Tlahuitoltepec, exhibida en Nueva York por la dise\u00f1adora francesa Isabel Marant. A\u00fan no era legisladora y comenc\u00e9 a tocar puertas, a ver qui\u00e9n nos pod\u00eda ayudar. Fui incluso al Senado, porque no ten\u00eda ni idea de qu\u00e9 hacer.<\/p>\n\n\n\n<p>Ya como presidenta de la Comisi\u00f3n de Cultura, Harp batall\u00f3 en estos tres a\u00f1os para lograr una norma que frenara esos plagios: la Ley Federal de Protecci\u00f3n al Patrimonio Cultural de los Pueblos Ind\u00edgenas, aprobada por el Senado el pasado 1\u00ba de diciembre, que evita que cualquier elemento de la cultura mexicana sea de dominio p\u00fablico, lo que propiciaba los abusos.<\/p>\n\n\n\n<p>Harp coment\u00f3 que una vez que se promulgue, est\u00e1 lista para informar en las comunidades ind\u00edgenas los nuevos derechos que tienen, a fin de que puedan defenderse, que nunca m\u00e1s sus textiles y su arte sean explotados con fines comerciales, sin su autorizaci\u00f3n. Tienen que conocer el contenido de esa ley o ser\u00e1 s\u00f3lo letra muerta. Est\u00e1 satisfecha, reiter\u00f3, de su labor legislativa, de haber logrado que se aprobaran cinco reformas de gran relevancia.<\/p>\n\n\n\n<p>Mientras se da el resultado de la encuesta de Morena, que definir\u00e1 cu\u00e1l de los seis finalistas se lleva la candidatura al gobierno de Oaxaca, ella seguir\u00e1 trabajando muy fuerte, desde el Senado o donde est\u00e9, por mi tierra y por generar unidad.<\/p>\n\n\n\n<p>(Informaci\u00f3n de \u201cLa Jornada\u201d)<\/p>\n","protected":false},"excerpt":{"rendered":"<p>Redacci\u00f3n\/Zona Roja Cdmx. Ciudad de M\u00e9xico, 17 de diciembre de 2021.- La senadora morenista Susana&hellip;<\/p>\n","protected":false},"author":2,"featured_media":34211,"comment_status":"closed","ping_status":"open","sticky":false,"template":"","format":"standard","meta":{"_lmt_disableupdate":"","_lmt_disable":"","_jetpack_memberships_contains_paid_content":false,"footnotes":""},"categories":[109,46],"tags":[1685],"class_list":["post-35487","post","type-post","status-publish","format-standard","has-post-thumbnail","hentry","category-minuto-a-minuto","category-zona-blanca","tag-susana-harp-iturribarria"],"jetpack_featured_media_url":"https:\/\/zonaroja.com.mx\/wp-content\/uploads\/2021\/11\/Susana-Harp-I.jpg","jetpack_sharing_enabled":true,"_links":{"self":[{"href":"https:\/\/zonaroja.com.mx\/index.php?rest_route=\/wp\/v2\/posts\/35487","targetHints":{"allow":["GET"]}}],"collection":[{"href":"https:\/\/zonaroja.com.mx\/index.php?rest_route=\/wp\/v2\/posts"}],"about":[{"href":"https:\/\/zonaroja.com.mx\/index.php?rest_route=\/wp\/v2\/types\/post"}],"author":[{"embeddable":true,"href":"https:\/\/zonaroja.com.mx\/index.php?rest_route=\/wp\/v2\/users\/2"}],"replies":[{"embeddable":true,"href":"https:\/\/zonaroja.com.mx\/index.php?rest_route=%2Fwp%2Fv2%2Fcomments&post=35487"}],"version-history":[{"count":1,"href":"https:\/\/zonaroja.com.mx\/index.php?rest_route=\/wp\/v2\/posts\/35487\/revisions"}],"predecessor-version":[{"id":35488,"href":"https:\/\/zonaroja.com.mx\/index.php?rest_route=\/wp\/v2\/posts\/35487\/revisions\/35488"}],"wp:featuredmedia":[{"embeddable":true,"href":"https:\/\/zonaroja.com.mx\/index.php?rest_route=\/wp\/v2\/media\/34211"}],"wp:attachment":[{"href":"https:\/\/zonaroja.com.mx\/index.php?rest_route=%2Fwp%2Fv2%2Fmedia&parent=35487"}],"wp:term":[{"taxonomy":"category","embeddable":true,"href":"https:\/\/zonaroja.com.mx\/index.php?rest_route=%2Fwp%2Fv2%2Fcategories&post=35487"},{"taxonomy":"post_tag","embeddable":true,"href":"https:\/\/zonaroja.com.mx\/index.php?rest_route=%2Fwp%2Fv2%2Ftags&post=35487"}],"curies":[{"name":"wp","href":"https:\/\/api.w.org\/{rel}","templated":true}]}}