{"id":35491,"date":"2021-12-18T07:49:00","date_gmt":"2021-12-18T13:49:00","guid":{"rendered":"http:\/\/www.zonaroja.com.mx\/?p=35491"},"modified":"2021-12-17T19:54:22","modified_gmt":"2021-12-18T01:54:22","slug":"clausura-poder-judicial-del-estado-segundo-periodo-ordinario-sesiones-2021","status":"publish","type":"post","link":"https:\/\/zonaroja.com.mx\/?p=35491","title":{"rendered":"Clausura Poder Judicial del Estado Segundo Per\u00edodo Ordinario Sesiones 2021"},"content":{"rendered":"\n<p>Redacci\u00f3n\/Zona Roja.<\/p>\n\n\n\n<p>Oaxaca de Ju\u00e1rez, Oax., 18 de diciembre de 2021.- Conforme a lo establecido en los art\u00edculos 11,12 y 51 de la Ley Org\u00e1nica del Poder Judicial del Estado de Oaxaca, los plenos del Tribunal Superior de Justicia y del Consejo de la Judicatura, que preside el magistrado Eduardo Pinacho S\u00e1nchez, clausuraron el Segundo Per\u00edodo Ordinario de Sesiones, correspondiente al a\u00f1o 2021.<\/p>\n\n\n\n<p>El titular del Poder Judicial hizo un reconocimiento al esfuerzo, la conducta honesta, el talento profesional y la rectitud en el ejercicio de su funci\u00f3n de magistradas y magistrados, juezas y jueces, secretarias y secretarios, as\u00ed como de servidores p\u00fablicos que, con su cotidiana actuaci\u00f3n, legitiman el ejercicio de la funci\u00f3n judicial.<\/p>\n\n\n\n<p>Destac\u00f3 que la instituci\u00f3n est\u00e1 empe\u00f1ada en una profunda revisi\u00f3n de la funci\u00f3n jurisdiccional en s\u00ed misma, pero tambi\u00e9n de sus titulares, sabedores que el sistema de justicia no s\u00f3lo constituye una estructura especializada del Estado, sino un factor de estabilidad social.<\/p>\n\n\n\n<p>Con la clausura del Segundo Periodo Ordinario de Sesiones 2021, la instituci\u00f3n tendr\u00e1 un receso en sus actividades laborales, reiniciando el tres de enero del pr\u00f3ximo a\u00f1o, por lo que, en las siguientes semanas, las Salas del Tribunal Superior de Justicia y los juzgados de las ocho regiones del estado contar\u00e1n con personal de guardia para seguir la atenci\u00f3n de los asuntos que se lleguen a presentar.<\/p>\n","protected":false},"excerpt":{"rendered":"<p>Redacci\u00f3n\/Zona Roja. Oaxaca de Ju\u00e1rez, Oax., 18 de diciembre de 2021.- Conforme a lo establecido&hellip;<\/p>\n","protected":false},"author":2,"featured_media":35492,"comment_status":"closed","ping_status":"open","sticky":false,"template":"","format":"standard","meta":{"_lmt_disableupdate":"","_lmt_disable":"","_jetpack_memberships_contains_paid_content":false,"footnotes":""},"categories":[109,46],"tags":[223],"class_list":["post-35491","post","type-post","status-publish","format-standard","has-post-thumbnail","hentry","category-minuto-a-minuto","category-zona-blanca","tag-poder-judicial-de-oaxaca"],"jetpack_featured_media_url":"https:\/\/zonaroja.com.mx\/wp-content\/uploads\/2021\/12\/Clausura-Pleno-Periodo-de-Sesiones.jpg","jetpack_sharing_enabled":true,"_links":{"self":[{"href":"https:\/\/zonaroja.com.mx\/index.php?rest_route=\/wp\/v2\/posts\/35491","targetHints":{"allow":["GET"]}}],"collection":[{"href":"https:\/\/zonaroja.com.mx\/index.php?rest_route=\/wp\/v2\/posts"}],"about":[{"href":"https:\/\/zonaroja.com.mx\/index.php?rest_route=\/wp\/v2\/types\/post"}],"author":[{"embeddable":true,"href":"https:\/\/zonaroja.com.mx\/index.php?rest_route=\/wp\/v2\/users\/2"}],"replies":[{"embeddable":true,"href":"https:\/\/zonaroja.com.mx\/index.php?rest_route=%2Fwp%2Fv2%2Fcomments&post=35491"}],"version-history":[{"count":1,"href":"https:\/\/zonaroja.com.mx\/index.php?rest_route=\/wp\/v2\/posts\/35491\/revisions"}],"predecessor-version":[{"id":35493,"href":"https:\/\/zonaroja.com.mx\/index.php?rest_route=\/wp\/v2\/posts\/35491\/revisions\/35493"}],"wp:featuredmedia":[{"embeddable":true,"href":"https:\/\/zonaroja.com.mx\/index.php?rest_route=\/wp\/v2\/media\/35492"}],"wp:attachment":[{"href":"https:\/\/zonaroja.com.mx\/index.php?rest_route=%2Fwp%2Fv2%2Fmedia&parent=35491"}],"wp:term":[{"taxonomy":"category","embeddable":true,"href":"https:\/\/zonaroja.com.mx\/index.php?rest_route=%2Fwp%2Fv2%2Fcategories&post=35491"},{"taxonomy":"post_tag","embeddable":true,"href":"https:\/\/zonaroja.com.mx\/index.php?rest_route=%2Fwp%2Fv2%2Ftags&post=35491"}],"curies":[{"name":"wp","href":"https:\/\/api.w.org\/{rel}","templated":true}]}}