{"id":35500,"date":"2021-12-17T20:29:14","date_gmt":"2021-12-18T02:29:14","guid":{"rendered":"http:\/\/www.zonaroja.com.mx\/?p=35500"},"modified":"2021-12-17T20:29:17","modified_gmt":"2021-12-18T02:29:17","slug":"elige-asociacion-de-periodistas-su-nueva-dirigencia-este-sabado","status":"publish","type":"post","link":"https:\/\/zonaroja.com.mx\/?p=35500","title":{"rendered":"Elige Asociaci\u00f3n de Periodistas su nueva dirigencia, este s\u00e1bado"},"content":{"rendered":"\n<p>Redacci\u00f3n\/Zona Roja.<\/p>\n\n\n\n<p>Oaxaca de Ju\u00e1rez, Oax., 17 de diciembre de 2021.- Uno de los gremios m\u00e1s antiguos en la entidad, la Asociaci\u00f3n de Periodistas de Oaxaca (APO), elegir\u00e1 este s\u00e1bado a su nueva dirigencia colectiva.<\/p>\n\n\n\n<p>De acuerdo con la convocatoria emitida el pasado 14 de diciembre por la Comisi\u00f3n de Honor y Justicia y con base a los estatutos, este viernes 17 de diciembre, los socios Felipe S\u00e1nchez Jim\u00e9nez (fundador), Andr\u00e9s Rodr\u00edguez Ortiz y Alejandro L\u00f3pez Castellanos se registraron como integrantes de la Planilla Verde para contender por la dirigencia de esa organizaci\u00f3n period\u00edstica.<\/p>\n\n\n\n<p>Combinando experiencia y juventud y con el slogan \u00abPor la unidad y profesionalizaci\u00f3n del gremio\u00bb, la Planilla Verde integrada busca seguir manteniendo la unidad de la APO, que por m\u00e1s de 42 a\u00f1os a\u00fan se mantiene vigente.<\/p>\n\n\n\n<p>Lleva como integrante a uno de los decanos del periodismo oaxaque\u00f1o y fundador de la Asociaci\u00f3n de Periodistas de Oaxaca, Felipe S\u00e1nchez Jim\u00e9nez, autor de la columna \u201cEscaparate Pol\u00edtico\u201d, que se publica en diversos medios de comunicaci\u00f3n, entre ellos \u201cEl Imparcial\u201d.<\/p>\n\n\n\n<p>La elecci\u00f3n de la nueva dirigencia se realizar\u00e1 este s\u00e1bado 18 de diciembre, a las 11:00 horas en la \u201cCasa del Periodista\u201d que se ubica en la calle Gonz\u00e1lez Ortega n\u00famero 603 de la ciudad de Oaxaca.<\/p>\n\n\n\n<p>La Planilla Verde invita a los socios de la APO a emitir su voto por Felipe S\u00e1nchez, Andr\u00e9s Rodr\u00edguez y Alejandro L\u00f3pez para que esa organizaci\u00f3n, una de las m\u00e1s antiguas del pa\u00eds, siga vigente y en unidad.<\/p>\n","protected":false},"excerpt":{"rendered":"<p>Redacci\u00f3n\/Zona Roja. Oaxaca de Ju\u00e1rez, Oax., 17 de diciembre de 2021.- Uno de los gremios&hellip;<\/p>\n","protected":false},"author":2,"featured_media":35501,"comment_status":"closed","ping_status":"open","sticky":false,"template":"","format":"standard","meta":{"_lmt_disableupdate":"","_lmt_disable":"","_jetpack_memberships_contains_paid_content":false,"footnotes":""},"categories":[109,46],"tags":[1041],"class_list":["post-35500","post","type-post","status-publish","format-standard","has-post-thumbnail","hentry","category-minuto-a-minuto","category-zona-blanca","tag-asociacion-de-periodistas-de-oaxaca-apo"],"jetpack_featured_media_url":"https:\/\/zonaroja.com.mx\/wp-content\/uploads\/2021\/12\/Planilla-Verde-APO.jpg","jetpack_sharing_enabled":true,"_links":{"self":[{"href":"https:\/\/zonaroja.com.mx\/index.php?rest_route=\/wp\/v2\/posts\/35500","targetHints":{"allow":["GET"]}}],"collection":[{"href":"https:\/\/zonaroja.com.mx\/index.php?rest_route=\/wp\/v2\/posts"}],"about":[{"href":"https:\/\/zonaroja.com.mx\/index.php?rest_route=\/wp\/v2\/types\/post"}],"author":[{"embeddable":true,"href":"https:\/\/zonaroja.com.mx\/index.php?rest_route=\/wp\/v2\/users\/2"}],"replies":[{"embeddable":true,"href":"https:\/\/zonaroja.com.mx\/index.php?rest_route=%2Fwp%2Fv2%2Fcomments&post=35500"}],"version-history":[{"count":1,"href":"https:\/\/zonaroja.com.mx\/index.php?rest_route=\/wp\/v2\/posts\/35500\/revisions"}],"predecessor-version":[{"id":35502,"href":"https:\/\/zonaroja.com.mx\/index.php?rest_route=\/wp\/v2\/posts\/35500\/revisions\/35502"}],"wp:featuredmedia":[{"embeddable":true,"href":"https:\/\/zonaroja.com.mx\/index.php?rest_route=\/wp\/v2\/media\/35501"}],"wp:attachment":[{"href":"https:\/\/zonaroja.com.mx\/index.php?rest_route=%2Fwp%2Fv2%2Fmedia&parent=35500"}],"wp:term":[{"taxonomy":"category","embeddable":true,"href":"https:\/\/zonaroja.com.mx\/index.php?rest_route=%2Fwp%2Fv2%2Fcategories&post=35500"},{"taxonomy":"post_tag","embeddable":true,"href":"https:\/\/zonaroja.com.mx\/index.php?rest_route=%2Fwp%2Fv2%2Ftags&post=35500"}],"curies":[{"name":"wp","href":"https:\/\/api.w.org\/{rel}","templated":true}]}}