{"id":35507,"date":"2021-12-17T21:19:56","date_gmt":"2021-12-18T03:19:56","guid":{"rendered":"http:\/\/www.zonaroja.com.mx\/?p=35507"},"modified":"2021-12-17T21:20:02","modified_gmt":"2021-12-18T03:20:02","slug":"aprueba-el-ine-posponer-consulta-de-revocacion-de-mandato-no-hay-dinero","status":"publish","type":"post","link":"https:\/\/zonaroja.com.mx\/?p=35507","title":{"rendered":"Aprueba el INE posponer consulta de Revocaci\u00f3n de Mandato; no hay dinero"},"content":{"rendered":"\n<p>Redacci\u00f3n\/Zona Roja Cdmx.<\/p>\n\n\n\n<p>Ciudad de M\u00e9xico, 17 de diciembre de 2021.- El Consejo General del Instituto Nacional Electoral (INE) decidi\u00f3 posponer la consulta de Revocaci\u00f3n de Mandato del presidente Andr\u00e9s Manuel L\u00f3pez Obrador.<\/p>\n\n\n\n<p>Con seis votos a favor y cinco en contra, los consejeros electorales aprobaron suspender temporalmente la consulta popular, por lo que este ejercicio democr\u00e1tico ser\u00e1 postergado hasta \u201cque el instituto cuente con los recursos suficientes\u201d.<\/p>\n\n\n\n<p>Esto, luego de que el consejero presidente del INE, Lorenzo C\u00f3rdova, argumentara una insuficiencia presupuestal debido al recorte por casi cinco mil millones de pesos para el ejercicio de 2022.<\/p>\n\n\n\n<p>Durante la discusi\u00f3n, C\u00f3rdova aclar\u00f3 que la consulta \u201cno se est\u00e1 cancelando\u201d, solo busca postergarla hasta que existan recursos suficientes.<\/p>\n\n\n\n<p>\u201cSe trata de un acuerdo que busca encontrar certeza para el ejercicio democr\u00e1tico ciudadano\u201d, dijo.<\/p>\n\n\n\n<p>Adem\u00e1s, asegur\u00f3 que con el dinero que cuenta hoy el INE no se puede organizar y realizar el pr\u00f3ximo a\u00f1o este ejercicio. \u201cEl INE tambi\u00e9n quiere la revocaci\u00f3n de mandato, pero la quiere hacer conforme a la ley y, para eso, en las condiciones que nos han colocado hoy son una imposibilidad\u201d, finaliz\u00f3.<\/p>\n\n\n\n<p>El consejero electoral, Uuc-kib Espadas Ancona, coincidi\u00f3 en que el instituto electoral vive un \u201cestrangulamiento financiero\u201d por parte de la autoridad, por ello, \u201ctraiciona a la democracia y a la Rep\u00fablica\u201d.<\/p>\n\n\n\n<p>(Informaci\u00f3n de \u00abEl Financiero\u00bb)<\/p>\n","protected":false},"excerpt":{"rendered":"<p>Redacci\u00f3n\/Zona Roja Cdmx. Ciudad de M\u00e9xico, 17 de diciembre de 2021.- El Consejo General del&hellip;<\/p>\n","protected":false},"author":2,"featured_media":31390,"comment_status":"closed","ping_status":"open","sticky":false,"template":"","format":"standard","meta":{"_lmt_disableupdate":"","_lmt_disable":"","_jetpack_memberships_contains_paid_content":false,"footnotes":""},"categories":[109,46],"tags":[2764],"class_list":["post-35507","post","type-post","status-publish","format-standard","has-post-thumbnail","hentry","category-minuto-a-minuto","category-zona-blanca","tag-instituto-nacional-electoral-ine"],"jetpack_featured_media_url":"https:\/\/zonaroja.com.mx\/wp-content\/uploads\/2021\/08\/Sesion-Instituto-Nacional-Electoral-INE.jpg","jetpack_sharing_enabled":true,"_links":{"self":[{"href":"https:\/\/zonaroja.com.mx\/index.php?rest_route=\/wp\/v2\/posts\/35507","targetHints":{"allow":["GET"]}}],"collection":[{"href":"https:\/\/zonaroja.com.mx\/index.php?rest_route=\/wp\/v2\/posts"}],"about":[{"href":"https:\/\/zonaroja.com.mx\/index.php?rest_route=\/wp\/v2\/types\/post"}],"author":[{"embeddable":true,"href":"https:\/\/zonaroja.com.mx\/index.php?rest_route=\/wp\/v2\/users\/2"}],"replies":[{"embeddable":true,"href":"https:\/\/zonaroja.com.mx\/index.php?rest_route=%2Fwp%2Fv2%2Fcomments&post=35507"}],"version-history":[{"count":1,"href":"https:\/\/zonaroja.com.mx\/index.php?rest_route=\/wp\/v2\/posts\/35507\/revisions"}],"predecessor-version":[{"id":35508,"href":"https:\/\/zonaroja.com.mx\/index.php?rest_route=\/wp\/v2\/posts\/35507\/revisions\/35508"}],"wp:featuredmedia":[{"embeddable":true,"href":"https:\/\/zonaroja.com.mx\/index.php?rest_route=\/wp\/v2\/media\/31390"}],"wp:attachment":[{"href":"https:\/\/zonaroja.com.mx\/index.php?rest_route=%2Fwp%2Fv2%2Fmedia&parent=35507"}],"wp:term":[{"taxonomy":"category","embeddable":true,"href":"https:\/\/zonaroja.com.mx\/index.php?rest_route=%2Fwp%2Fv2%2Fcategories&post=35507"},{"taxonomy":"post_tag","embeddable":true,"href":"https:\/\/zonaroja.com.mx\/index.php?rest_route=%2Fwp%2Fv2%2Ftags&post=35507"}],"curies":[{"name":"wp","href":"https:\/\/api.w.org\/{rel}","templated":true}]}}