{"id":35518,"date":"2021-12-18T15:35:47","date_gmt":"2021-12-18T21:35:47","guid":{"rendered":"http:\/\/www.zonaroja.com.mx\/?p=35518"},"modified":"2021-12-18T15:35:50","modified_gmt":"2021-12-18T21:35:50","slug":"desaparecen-dos-familias-de-madres-con-hijos-en-oaxaca","status":"publish","type":"post","link":"https:\/\/zonaroja.com.mx\/?p=35518","title":{"rendered":"Desaparecen dos familias de madres con hijos en Oaxaca"},"content":{"rendered":"\n<p>Yuridiana Sosa\/Zona Roja.<\/p>\n\n\n\n<p>Oaxaca de Ju\u00e1rez, Oax., 18 de diciembre de 2021.- Dos madres de familia junto con sus respectivos hijos, desaparecieron en distintos municipios de la regi\u00f3n de Valles de Centrales de Oaxaca y por quienes sus familiares mantienen b\u00fasquedas.<\/p>\n\n\n\n<p>La Unidad de Personas Desaparecidas y No Localizadas (DNOL), de la Fiscal\u00eda General del Estado, report\u00f3 que una mujer en Ejutla de Crespo desapareci\u00f3 junto con tres menores y una m\u00e1s, en Santa Mar\u00eda el Tule, con dos hijos menores de edad.<\/p>\n\n\n\n<p>El caso m\u00e1s reciente, expuesto con una ficha de b\u00fasqueda, es para localizar a Mariela Andrea Altamirano P\u00e9rez, de 28 a\u00f1os de edad, y a Kimberli Damaris, Juliana Maybelyn Rodr\u00edguez Altamirano, de 11 y cuatros a\u00f1os, y Gael Santiago de cuatro meses.<\/p>\n\n\n\n<p>Fueron vistos por \u00faltima vez el pasado 11 de diciembre en Ejutla de Crespo. Como se\u00f1a particular la joven mujer tiene un lunar a un lado del ojo derecho y lunar cerca del labio del lado izquierdo. El d\u00eda de su desaparici\u00f3n vest\u00eda pantal\u00f3n de mezclilla, blusa roja y tenis.<\/p>\n\n\n\n<p>Mientras que otra familia de madre e hijos no ha sido localizada desde el mes de octubre, pero la ficha de b\u00fasqueda por parte de la DNOL se public\u00f3 el pasado 16 de diciembre.<\/p>\n\n\n\n<p>Familiares y autoridades buscan a Miriam Jamel Mendoza Santiago, de 30 a\u00f1os, Miriam Noah de 5 a\u00f1os y David Antonio de dos a\u00f1os, ambos de apellido Mart\u00ednez Mendoza.<\/p>\n\n\n\n<p>Fueron vistos por \u00faltima vez el d\u00eda 25 de octubre en avenida Sabinos, en la Sexta Etapa del Fraccionamiento El Retiro, de Santa Mar\u00eda El Tule.<\/p>\n\n\n\n<p>Como se\u00f1as particulares, la mam\u00e1 tiene la nariz desviada y los menores ni\u00f1os no tienen dientes superiores.<\/p>\n","protected":false},"excerpt":{"rendered":"<p>Yuridiana Sosa\/Zona Roja. Oaxaca de Ju\u00e1rez, Oax., 18 de diciembre de 2021.- Dos madres de&hellip;<\/p>\n","protected":false},"author":2,"featured_media":35519,"comment_status":"closed","ping_status":"open","sticky":false,"template":"","format":"standard","meta":{"_lmt_disableupdate":"","_lmt_disable":"","_jetpack_memberships_contains_paid_content":false,"footnotes":""},"categories":[109,47],"tags":[2981],"class_list":["post-35518","post","type-post","status-publish","format-standard","has-post-thumbnail","hentry","category-minuto-a-minuto","category-zona-gris","tag-desaparecidas"],"jetpack_featured_media_url":"https:\/\/zonaroja.com.mx\/wp-content\/uploads\/2021\/12\/Desaparecidas-Oaxaca.jpg","jetpack_sharing_enabled":true,"_links":{"self":[{"href":"https:\/\/zonaroja.com.mx\/index.php?rest_route=\/wp\/v2\/posts\/35518","targetHints":{"allow":["GET"]}}],"collection":[{"href":"https:\/\/zonaroja.com.mx\/index.php?rest_route=\/wp\/v2\/posts"}],"about":[{"href":"https:\/\/zonaroja.com.mx\/index.php?rest_route=\/wp\/v2\/types\/post"}],"author":[{"embeddable":true,"href":"https:\/\/zonaroja.com.mx\/index.php?rest_route=\/wp\/v2\/users\/2"}],"replies":[{"embeddable":true,"href":"https:\/\/zonaroja.com.mx\/index.php?rest_route=%2Fwp%2Fv2%2Fcomments&post=35518"}],"version-history":[{"count":1,"href":"https:\/\/zonaroja.com.mx\/index.php?rest_route=\/wp\/v2\/posts\/35518\/revisions"}],"predecessor-version":[{"id":35520,"href":"https:\/\/zonaroja.com.mx\/index.php?rest_route=\/wp\/v2\/posts\/35518\/revisions\/35520"}],"wp:featuredmedia":[{"embeddable":true,"href":"https:\/\/zonaroja.com.mx\/index.php?rest_route=\/wp\/v2\/media\/35519"}],"wp:attachment":[{"href":"https:\/\/zonaroja.com.mx\/index.php?rest_route=%2Fwp%2Fv2%2Fmedia&parent=35518"}],"wp:term":[{"taxonomy":"category","embeddable":true,"href":"https:\/\/zonaroja.com.mx\/index.php?rest_route=%2Fwp%2Fv2%2Fcategories&post=35518"},{"taxonomy":"post_tag","embeddable":true,"href":"https:\/\/zonaroja.com.mx\/index.php?rest_route=%2Fwp%2Fv2%2Ftags&post=35518"}],"curies":[{"name":"wp","href":"https:\/\/api.w.org\/{rel}","templated":true}]}}