{"id":35521,"date":"2021-12-18T15:45:42","date_gmt":"2021-12-18T21:45:42","guid":{"rendered":"http:\/\/www.zonaroja.com.mx\/?p=35521"},"modified":"2021-12-18T15:45:45","modified_gmt":"2021-12-18T21:45:45","slug":"ahora-pri-ahora-denuncia-a-armando-contreras-y-morena-ante-ieepco","status":"publish","type":"post","link":"https:\/\/zonaroja.com.mx\/?p=35521","title":{"rendered":"Ahora, PRI ahora denuncia a Armando Contreras y Morena ante IEEPCO"},"content":{"rendered":"\n<p>Yuridiana Sosa \/Zona Roja.<\/p>\n\n\n\n<p>Oaxaca de Ju\u00e1rez, Oax.- 18 de diciembre de 2021.- Por segunda ocasi\u00f3n, el Partido Revolucionario Institucional (PRI) interpuso una denuncia ante el Instituto Estatal Electoral y de Participaci\u00f3n Ciudadana de Oaxaca (IEEPCO) por presuntos actos de precampa\u00f1a por parte de un aspirante de Morena para la gubernatura de Oaxaca.<\/p>\n\n\n\n<p>Este s\u00e1bado, el representante del PRI en el IEEPCO, Othoniel Pe\u00f1a Montor, present\u00f3 la queja contra Armando Contreras Castillo &#8211;quien forma parte de la lista de encuestados por Morena para elegir al candidato&#8211; pues se ostenta como precandidato y realiza actividades a favor de su posicionamiento fuera de lo establecido por el calendario electoral.<\/p>\n\n\n\n<p>Pe\u00f1a Montor indic\u00f3 que la ley establece que los aspirantes podr\u00e1n nombrarse como precandidatos entre el 2 de enero al 10 de febrero, por lo que autodenominarse y promocionarse bajo ese estatus y ser permitido por las autoridades representa una desigualdad en la contienda electoral.<\/p>\n\n\n\n<p>La denuncia tambi\u00e9n va contra el partido Morena por permitir que sus pol\u00edticos se conduzcan en ese sentido.<\/p>\n\n\n\n<p>Este procedimiento es el segundo de otras acciones que tienen previstas en el tricolor para defender la igualdad de condiciones en el proceso electoral en Oaxaca rumbo a la gubernatura, dijo el representante del PRI.<\/p>\n","protected":false},"excerpt":{"rendered":"<p>Yuridiana Sosa \/Zona Roja. Oaxaca de Ju\u00e1rez, Oax.- 18 de diciembre de 2021.- Por segunda&hellip;<\/p>\n","protected":false},"author":2,"featured_media":35522,"comment_status":"closed","ping_status":"open","sticky":false,"template":"","format":"standard","meta":{"_lmt_disableupdate":"","_lmt_disable":"","_jetpack_memberships_contains_paid_content":false,"footnotes":""},"categories":[109,47],"tags":[],"class_list":["post-35521","post","type-post","status-publish","format-standard","has-post-thumbnail","hentry","category-minuto-a-minuto","category-zona-gris"],"jetpack_featured_media_url":"https:\/\/zonaroja.com.mx\/wp-content\/uploads\/2021\/12\/IEEPCO-Othoniel-Pena-Montor.jpg","jetpack_sharing_enabled":true,"_links":{"self":[{"href":"https:\/\/zonaroja.com.mx\/index.php?rest_route=\/wp\/v2\/posts\/35521","targetHints":{"allow":["GET"]}}],"collection":[{"href":"https:\/\/zonaroja.com.mx\/index.php?rest_route=\/wp\/v2\/posts"}],"about":[{"href":"https:\/\/zonaroja.com.mx\/index.php?rest_route=\/wp\/v2\/types\/post"}],"author":[{"embeddable":true,"href":"https:\/\/zonaroja.com.mx\/index.php?rest_route=\/wp\/v2\/users\/2"}],"replies":[{"embeddable":true,"href":"https:\/\/zonaroja.com.mx\/index.php?rest_route=%2Fwp%2Fv2%2Fcomments&post=35521"}],"version-history":[{"count":1,"href":"https:\/\/zonaroja.com.mx\/index.php?rest_route=\/wp\/v2\/posts\/35521\/revisions"}],"predecessor-version":[{"id":35523,"href":"https:\/\/zonaroja.com.mx\/index.php?rest_route=\/wp\/v2\/posts\/35521\/revisions\/35523"}],"wp:featuredmedia":[{"embeddable":true,"href":"https:\/\/zonaroja.com.mx\/index.php?rest_route=\/wp\/v2\/media\/35522"}],"wp:attachment":[{"href":"https:\/\/zonaroja.com.mx\/index.php?rest_route=%2Fwp%2Fv2%2Fmedia&parent=35521"}],"wp:term":[{"taxonomy":"category","embeddable":true,"href":"https:\/\/zonaroja.com.mx\/index.php?rest_route=%2Fwp%2Fv2%2Fcategories&post=35521"},{"taxonomy":"post_tag","embeddable":true,"href":"https:\/\/zonaroja.com.mx\/index.php?rest_route=%2Fwp%2Fv2%2Ftags&post=35521"}],"curies":[{"name":"wp","href":"https:\/\/api.w.org\/{rel}","templated":true}]}}